{"id":10160,"date":"2018-07-05T21:40:57","date_gmt":"2018-07-05T20:40:57","guid":{"rendered":"https:\/\/canaryo.net\/portal\/?p=10160"},"modified":"2018-07-05T21:40:57","modified_gmt":"2018-07-05T20:40:57","slug":"rathausplatz-von-la-orotava-saniert","status":"publish","type":"post","link":"https:\/\/canaryo.net\/portal\/rathausplatz-von-la-orotava-saniert\/","title":{"rendered":"Rathausplatz von La Orotava saniert"},"content":{"rendered":"<p>Teneriffa; 05.07.2018 &#8211; &#8211; Wegen Sch\u00e4dlingsbefall mussten die Palmen auf dem Rathausplatz von La Orotava im letzten Jahr gef\u00e4llt werden. Auch die Neuanpflanzungen hatten Sch\u00e4den, so dass die Stadtverwaltung dies zum Anlass nahm, den ganzen Platz zu sanieren. Diese Arbeiten, die der Stadt 220.000,- Euro gekostet haben, sind nun abgeschlossen.<\/p>\n<p>Bildquelle: Ayuntamiento La Orotava<\/p>\n","protected":false},"excerpt":{"rendered":"<p>Teneriffa; 05.07.2018 &#8211; &#8211; Wegen Sch\u00e4dlingsbefall mussten die Palmen auf dem Rathausplatz von La Orotava im letzten Jahr gef\u00e4llt werden. Auch die Neuanpflanzungen hatten Sch\u00e4den, so dass die Stadtverwaltung dies zum Anlass nahm, den ganzen Platz zu sanieren. Diese Arbeiten, die der Stadt 220.000,- Euro gekostet haben, sind nun abgeschlossen. Bildquelle: Ayuntamiento La Orotava<\/p>\n","protected":false},"author":1,"featured_media":10163,"comment_status":"open","ping_status":"open","sticky":false,"template":"","format":"gallery","meta":[],"categories":[1659,6,640,441],"tags":[3572,1917,3571,2297,889,2809,9],"_links":{"self":[{"href":"https:\/\/canaryo.net\/portal\/wp-json\/wp\/v2\/posts\/10160"}],"collection":[{"href":"https:\/\/canaryo.net\/portal\/wp-json\/wp\/v2\/posts"}],"about":[{"href":"https:\/\/canaryo.net\/portal\/wp-json\/wp\/v2\/types\/post"}],"author":[{"embeddable":true,"href":"https:\/\/canaryo.net\/portal\/wp-json\/wp\/v2\/users\/1"}],"replies":[{"embeddable":true,"href":"https:\/\/canaryo.net\/portal\/wp-json\/wp\/v2\/comments?post=10160"}],"version-history":[{"count":2,"href":"https:\/\/canaryo.net\/portal\/wp-json\/wp\/v2\/posts\/10160\/revisions"}],"predecessor-version":[{"id":10164,"href":"https:\/\/canaryo.net\/portal\/wp-json\/wp\/v2\/posts\/10160\/revisions\/10164"}],"wp:featuredmedia":[{"embeddable":true,"href":"https:\/\/canaryo.net\/portal\/wp-json\/wp\/v2\/media\/10163"}],"wp:attachment":[{"href":"https:\/\/canaryo.net\/portal\/wp-json\/wp\/v2\/media?parent=10160"}],"wp:term":[{"taxonomy":"category","embeddable":true,"href":"https:\/\/canaryo.net\/portal\/wp-json\/wp\/v2\/categories?post=10160"},{"taxonomy":"post_tag","embeddable":true,"href":"https:\/\/canaryo.net\/portal\/wp-json\/wp\/v2\/tags?post=10160"}],"curies":[{"name":"wp","href":"https:\/\/api.w.org\/{rel}","templated":true}]}}