{"id":10385,"date":"2018-07-20T13:48:45","date_gmt":"2018-07-20T12:48:45","guid":{"rendered":"https:\/\/canaryo.net\/portal\/?p=10385"},"modified":"2018-07-20T14:19:23","modified_gmt":"2018-07-20T13:19:23","slug":"manolo-blahnik-modenschau-auf-la-palma","status":"publish","type":"post","link":"https:\/\/canaryo.net\/portal\/manolo-blahnik-modenschau-auf-la-palma\/","title":{"rendered":"Manolo Blahnik Modenschau auf La Palma"},"content":{"rendered":"<p>La Palma; 20.07.2018 &#8211; &#8211; Der weltber\u00fchmte Modedesigner Manolo Blahnik wird am Strand von\u00a0Santa Cruz de la Palma eine Modenschau abhalten und dort die Winterkollektion 2018-2019 pr\u00e4sentieren.<br \/>\nDer 1942 geborene Modesch\u00f6pfer stammt von der Insel und nach ihm ist die Kunstschule in Santa Cruz benannt. Er gilt als der ber\u00fchmteste Kunsthandwerker der Insel.<\/p>\n<p>Bildquelle: Webseite von Manolo Blahnik<\/p>\n","protected":false},"excerpt":{"rendered":"<p>La Palma; 20.07.2018 &#8211; &#8211; Der weltber\u00fchmte Modedesigner Manolo Blahnik wird am Strand von\u00a0Santa Cruz de la Palma eine Modenschau abhalten und dort die Winterkollektion 2018-2019 pr\u00e4sentieren. Der 1942 geborene Modesch\u00f6pfer stammt von der Insel und nach ihm ist die Kunstschule in Santa Cruz benannt. Er gilt als der ber\u00fchmteste Kunsthandwerker der Insel. Bildquelle: Webseite [&hellip;]<\/p>\n","protected":false},"author":1,"featured_media":10387,"comment_status":"open","ping_status":"open","sticky":false,"template":"","format":"gallery","meta":[],"categories":[519,445,6,469],"tags":[12,3720,3722,1652,3721,520,3723],"_links":{"self":[{"href":"https:\/\/canaryo.net\/portal\/wp-json\/wp\/v2\/posts\/10385"}],"collection":[{"href":"https:\/\/canaryo.net\/portal\/wp-json\/wp\/v2\/posts"}],"about":[{"href":"https:\/\/canaryo.net\/portal\/wp-json\/wp\/v2\/types\/post"}],"author":[{"embeddable":true,"href":"https:\/\/canaryo.net\/portal\/wp-json\/wp\/v2\/users\/1"}],"replies":[{"embeddable":true,"href":"https:\/\/canaryo.net\/portal\/wp-json\/wp\/v2\/comments?post=10385"}],"version-history":[{"count":1,"href":"https:\/\/canaryo.net\/portal\/wp-json\/wp\/v2\/posts\/10385\/revisions"}],"predecessor-version":[{"id":10389,"href":"https:\/\/canaryo.net\/portal\/wp-json\/wp\/v2\/posts\/10385\/revisions\/10389"}],"wp:featuredmedia":[{"embeddable":true,"href":"https:\/\/canaryo.net\/portal\/wp-json\/wp\/v2\/media\/10387"}],"wp:attachment":[{"href":"https:\/\/canaryo.net\/portal\/wp-json\/wp\/v2\/media?parent=10385"}],"wp:term":[{"taxonomy":"category","embeddable":true,"href":"https:\/\/canaryo.net\/portal\/wp-json\/wp\/v2\/categories?post=10385"},{"taxonomy":"post_tag","embeddable":true,"href":"https:\/\/canaryo.net\/portal\/wp-json\/wp\/v2\/tags?post=10385"}],"curies":[{"name":"wp","href":"https:\/\/api.w.org\/{rel}","templated":true}]}}