{"id":10393,"date":"2018-07-20T15:00:10","date_gmt":"2018-07-20T14:00:10","guid":{"rendered":"https:\/\/canaryo.net\/portal\/?p=10393"},"modified":"2018-07-20T15:00:10","modified_gmt":"2018-07-20T14:00:10","slug":"reparaturarbeiten-an-der-gc-605-schreiten-voran","status":"publish","type":"post","link":"https:\/\/canaryo.net\/portal\/reparaturarbeiten-an-der-gc-605-schreiten-voran\/","title":{"rendered":"Reparaturarbeiten an der GC-605 schreiten voran"},"content":{"rendered":"<p>Gran Canaria; 20.07.2018 &#8211; &#8211; Die Reparaturarbeiten an der GC-605, von\u00a0Ayacata nach Presa de Las Ni\u00f1as, schreiten voran. Dort war eine \u00fcber 80 Jahre alte St\u00fctzmauer der Strasse eingest\u00fcrzt und riss Teile der Strasse in die Tiefe. 70% des Mauerfundaments sind bereits fertig. Die Zufahrt f\u00fcr die Bautruppe erfolgt umst\u00e4ndlicherweise \u00fcber die GC-200 von Mog\u00e1n, dennoch wird mit der Wiederr\u00f6ffnung der Strasse noch in diesem Sommer gerechnet.<\/p>\n<div class=\"t_19zb2jkl-c b_19zb2jno1z clearfix\"><\/div>\n<div id=\"js_2o4y\" class=\"_5pbx userContent _3576\" data-ft=\"{&quot;tn&quot;:&quot;K&quot;}\">\n<p>Bildquelle: Cabildo de Gran Canaria<\/p>\n<\/div>\n","protected":false},"excerpt":{"rendered":"<p>Gran Canaria; 20.07.2018 &#8211; &#8211; Die Reparaturarbeiten an der GC-605, von\u00a0Ayacata nach Presa de Las Ni\u00f1as, schreiten voran. Dort war eine \u00fcber 80 Jahre alte St\u00fctzmauer der Strasse eingest\u00fcrzt und riss Teile der Strasse in die Tiefe. 70% des Mauerfundaments sind bereits fertig. Die Zufahrt f\u00fcr die Bautruppe erfolgt umst\u00e4ndlicherweise \u00fcber die GC-200 von Mog\u00e1n, [&hellip;]<\/p>\n","protected":false},"author":1,"featured_media":10396,"comment_status":"open","ping_status":"open","sticky":false,"template":"","format":"gallery","meta":[],"categories":[448,1659,440,6],"tags":[3730,607,3727,3410,8,3728,3729,1539,625,3726],"_links":{"self":[{"href":"https:\/\/canaryo.net\/portal\/wp-json\/wp\/v2\/posts\/10393"}],"collection":[{"href":"https:\/\/canaryo.net\/portal\/wp-json\/wp\/v2\/posts"}],"about":[{"href":"https:\/\/canaryo.net\/portal\/wp-json\/wp\/v2\/types\/post"}],"author":[{"embeddable":true,"href":"https:\/\/canaryo.net\/portal\/wp-json\/wp\/v2\/users\/1"}],"replies":[{"embeddable":true,"href":"https:\/\/canaryo.net\/portal\/wp-json\/wp\/v2\/comments?post=10393"}],"version-history":[{"count":1,"href":"https:\/\/canaryo.net\/portal\/wp-json\/wp\/v2\/posts\/10393\/revisions"}],"predecessor-version":[{"id":10398,"href":"https:\/\/canaryo.net\/portal\/wp-json\/wp\/v2\/posts\/10393\/revisions\/10398"}],"wp:featuredmedia":[{"embeddable":true,"href":"https:\/\/canaryo.net\/portal\/wp-json\/wp\/v2\/media\/10396"}],"wp:attachment":[{"href":"https:\/\/canaryo.net\/portal\/wp-json\/wp\/v2\/media?parent=10393"}],"wp:term":[{"taxonomy":"category","embeddable":true,"href":"https:\/\/canaryo.net\/portal\/wp-json\/wp\/v2\/categories?post=10393"},{"taxonomy":"post_tag","embeddable":true,"href":"https:\/\/canaryo.net\/portal\/wp-json\/wp\/v2\/tags?post=10393"}],"curies":[{"name":"wp","href":"https:\/\/api.w.org\/{rel}","templated":true}]}}