{"id":10600,"date":"2018-07-25T23:54:32","date_gmt":"2018-07-25T22:54:32","guid":{"rendered":"https:\/\/canaryo.net\/portal\/?p=10600"},"modified":"2018-07-25T23:54:32","modified_gmt":"2018-07-25T22:54:32","slug":"jugendlicher-verletzt-eigene-mutter-mit-messer","status":"publish","type":"post","link":"https:\/\/canaryo.net\/portal\/jugendlicher-verletzt-eigene-mutter-mit-messer\/","title":{"rendered":"Jugendlicher verletzt eigene Mutter mit Messer"},"content":{"rendered":"<p>Teneriffa; 25.07.2018 &#8211; &#8211; Ein 16 Jahre alter junger Mann soll im Streit seine Mutter mit einem Messer angegriffen und verletzt haben. Der mutma\u00dflich spiels\u00fcchtige Jugendliche wurde verhaftet und nach erkennungsdienstlicher Behandlung dem Jugendamt von Santa Cruz de Tenerife \u00fcbergeben. Er befindet sich zur Beobachtung in der psychiatrischen Abteilung eines Krankenhauses, da er offenbar mentale Probleme und eine Spielsucht zu haben scheint. Die Mutter erlitt Schnittverletzungen am Arm, welche nicht lebensgef\u00e4hrlich sind.<\/p>\n<p>Abbildung symbolisch.<br \/>\nBildquelle:\u00a0diariodeavisos.elespanol.com<\/p>\n","protected":false},"excerpt":{"rendered":"<p>Teneriffa; 25.07.2018 &#8211; &#8211; Ein 16 Jahre alter junger Mann soll im Streit seine Mutter mit einem Messer angegriffen und verletzt haben. Der mutma\u00dflich spiels\u00fcchtige Jugendliche wurde verhaftet und nach erkennungsdienstlicher Behandlung dem Jugendamt von Santa Cruz de Tenerife \u00fcbergeben. Er befindet sich zur Beobachtung in der psychiatrischen Abteilung eines Krankenhauses, da er offenbar mentale [&hellip;]<\/p>\n","protected":false},"author":1,"featured_media":10601,"comment_status":"open","ping_status":"open","sticky":false,"template":"","format":"gallery","meta":[],"categories":[494,6,441],"tags":[743,2187,1244,2437,3866,3867,9,628],"_links":{"self":[{"href":"https:\/\/canaryo.net\/portal\/wp-json\/wp\/v2\/posts\/10600"}],"collection":[{"href":"https:\/\/canaryo.net\/portal\/wp-json\/wp\/v2\/posts"}],"about":[{"href":"https:\/\/canaryo.net\/portal\/wp-json\/wp\/v2\/types\/post"}],"author":[{"embeddable":true,"href":"https:\/\/canaryo.net\/portal\/wp-json\/wp\/v2\/users\/1"}],"replies":[{"embeddable":true,"href":"https:\/\/canaryo.net\/portal\/wp-json\/wp\/v2\/comments?post=10600"}],"version-history":[{"count":2,"href":"https:\/\/canaryo.net\/portal\/wp-json\/wp\/v2\/posts\/10600\/revisions"}],"predecessor-version":[{"id":10604,"href":"https:\/\/canaryo.net\/portal\/wp-json\/wp\/v2\/posts\/10600\/revisions\/10604"}],"wp:featuredmedia":[{"embeddable":true,"href":"https:\/\/canaryo.net\/portal\/wp-json\/wp\/v2\/media\/10601"}],"wp:attachment":[{"href":"https:\/\/canaryo.net\/portal\/wp-json\/wp\/v2\/media?parent=10600"}],"wp:term":[{"taxonomy":"category","embeddable":true,"href":"https:\/\/canaryo.net\/portal\/wp-json\/wp\/v2\/categories?post=10600"},{"taxonomy":"post_tag","embeddable":true,"href":"https:\/\/canaryo.net\/portal\/wp-json\/wp\/v2\/tags?post=10600"}],"curies":[{"name":"wp","href":"https:\/\/api.w.org\/{rel}","templated":true}]}}