{"id":11224,"date":"2018-08-16T13:08:01","date_gmt":"2018-08-16T12:08:01","guid":{"rendered":"https:\/\/canaryo.net\/portal\/?p=11224"},"modified":"2018-08-16T13:08:01","modified_gmt":"2018-08-16T12:08:01","slug":"santa-cruz-de-la-palma-muss-gebrauchte-polizeifahrzeuge-von-las-palmas-kaufen","status":"publish","type":"post","link":"https:\/\/canaryo.net\/portal\/santa-cruz-de-la-palma-muss-gebrauchte-polizeifahrzeuge-von-las-palmas-kaufen\/","title":{"rendered":"Santa Cruz de La Palma muss gebrauchte Polizeifahrzeuge von Las Palmas kaufen"},"content":{"rendered":"<p>La Palma; 16.08.2018 &#8211; &#8211; Der Stadtrat von Santa Cruz de La Palma genehmigte eine au\u00dferplanm\u00e4\u00dfige Finanzausgabe f\u00fcr die Policia Local. So wird f\u00fcr ein schrottreifes Polizeifahrzeug die\u00a0Reparaturkosten in H\u00f6he 3.000,- Euro\u00a0 bewilligt, damit es noch mal die ITV-Untersuchung besteht. Au\u00dferdem werden zwei sechs Jahre alte Fahrzeuge aus dem Bestand der Policia Local Las Palmas k\u00e4uflich erworben. Die Polizisten sind dar\u00fcber nicht erfreut. Sie und einige Politiker, fordern seit langem die Erneuerung der kommunalen Fahrzeugflotte der Stadt. Ein Teil der Fahrzeuge sei bereits \u00fcber 20 Jahre alt. Die Opposition im Stadtrat wirft den regierenden Sozialisten Missmanagement auf Kosten der Polizei und der B\u00fcrger vor.<\/p>\n<p>Bildquelle:\u00a0diariodeavisos.elespanol.com<\/p>\n","protected":false},"excerpt":{"rendered":"<p>La Palma; 16.08.2018 &#8211; &#8211; Der Stadtrat von Santa Cruz de La Palma genehmigte eine au\u00dferplanm\u00e4\u00dfige Finanzausgabe f\u00fcr die Policia Local. So wird f\u00fcr ein schrottreifes Polizeifahrzeug die\u00a0Reparaturkosten in H\u00f6he 3.000,- Euro\u00a0 bewilligt, damit es noch mal die ITV-Untersuchung besteht. Au\u00dferdem werden zwei sechs Jahre alte Fahrzeuge aus dem Bestand der Policia Local Las Palmas [&hellip;]<\/p>\n","protected":false},"author":1,"featured_media":11226,"comment_status":"open","ping_status":"open","sticky":false,"template":"","format":"gallery","meta":[],"categories":[445,6,640],"tags":[3352,1110,12,912,2053,1539,1652,1809],"_links":{"self":[{"href":"https:\/\/canaryo.net\/portal\/wp-json\/wp\/v2\/posts\/11224"}],"collection":[{"href":"https:\/\/canaryo.net\/portal\/wp-json\/wp\/v2\/posts"}],"about":[{"href":"https:\/\/canaryo.net\/portal\/wp-json\/wp\/v2\/types\/post"}],"author":[{"embeddable":true,"href":"https:\/\/canaryo.net\/portal\/wp-json\/wp\/v2\/users\/1"}],"replies":[{"embeddable":true,"href":"https:\/\/canaryo.net\/portal\/wp-json\/wp\/v2\/comments?post=11224"}],"version-history":[{"count":1,"href":"https:\/\/canaryo.net\/portal\/wp-json\/wp\/v2\/posts\/11224\/revisions"}],"predecessor-version":[{"id":11231,"href":"https:\/\/canaryo.net\/portal\/wp-json\/wp\/v2\/posts\/11224\/revisions\/11231"}],"wp:featuredmedia":[{"embeddable":true,"href":"https:\/\/canaryo.net\/portal\/wp-json\/wp\/v2\/media\/11226"}],"wp:attachment":[{"href":"https:\/\/canaryo.net\/portal\/wp-json\/wp\/v2\/media?parent=11224"}],"wp:term":[{"taxonomy":"category","embeddable":true,"href":"https:\/\/canaryo.net\/portal\/wp-json\/wp\/v2\/categories?post=11224"},{"taxonomy":"post_tag","embeddable":true,"href":"https:\/\/canaryo.net\/portal\/wp-json\/wp\/v2\/tags?post=11224"}],"curies":[{"name":"wp","href":"https:\/\/api.w.org\/{rel}","templated":true}]}}