{"id":11227,"date":"2018-08-16T12:58:10","date_gmt":"2018-08-16T11:58:10","guid":{"rendered":"https:\/\/canaryo.net\/portal\/?p=11227"},"modified":"2018-08-16T12:58:10","modified_gmt":"2018-08-16T11:58:10","slug":"drei-jahre-altes-kind-kurzzeitig-am-playa-las-canteras-verschwunden","status":"publish","type":"post","link":"https:\/\/canaryo.net\/portal\/drei-jahre-altes-kind-kurzzeitig-am-playa-las-canteras-verschwunden\/","title":{"rendered":"Drei Jahre altes Kind kurzzeitig am Playa Las Canteras verschwunden"},"content":{"rendered":"<p>Gran Canaria; 16.08.2018 &#8211; &#8211; Eine Mutter alarmierte die Polizei weil sie ihr drei Jahre altes Kind an der Promenade von Las Canteras verloren hatte. Nach einer kurzen Suche wurde das Kind im Puntilla-Gebiet von Beamten der &#8220;Orca&#8221;-Einheit gefunden und konnte der \u00fcbergl\u00fccklichen Mutter wieder \u00fcbergeben werden.<\/p>\n<p>Bildquelle: Policia Local LPA<\/p>\n","protected":false},"excerpt":{"rendered":"<p>Gran Canaria; 16.08.2018 &#8211; &#8211; Eine Mutter alarmierte die Polizei weil sie ihr drei Jahre altes Kind an der Promenade von Las Canteras verloren hatte. Nach einer kurzen Suche wurde das Kind im Puntilla-Gebiet von Beamten der &#8220;Orca&#8221;-Einheit gefunden und konnte der \u00fcbergl\u00fccklichen Mutter wieder \u00fcbergeben werden. Bildquelle: Policia Local LPA<\/p>\n","protected":false},"author":1,"featured_media":11228,"comment_status":"open","ping_status":"open","sticky":false,"template":"","format":"gallery","meta":[],"categories":[440,494,6],"tags":[2055,8,1169,2266,435,2437,1368,1370],"_links":{"self":[{"href":"https:\/\/canaryo.net\/portal\/wp-json\/wp\/v2\/posts\/11227"}],"collection":[{"href":"https:\/\/canaryo.net\/portal\/wp-json\/wp\/v2\/posts"}],"about":[{"href":"https:\/\/canaryo.net\/portal\/wp-json\/wp\/v2\/types\/post"}],"author":[{"embeddable":true,"href":"https:\/\/canaryo.net\/portal\/wp-json\/wp\/v2\/users\/1"}],"replies":[{"embeddable":true,"href":"https:\/\/canaryo.net\/portal\/wp-json\/wp\/v2\/comments?post=11227"}],"version-history":[{"count":1,"href":"https:\/\/canaryo.net\/portal\/wp-json\/wp\/v2\/posts\/11227\/revisions"}],"predecessor-version":[{"id":11229,"href":"https:\/\/canaryo.net\/portal\/wp-json\/wp\/v2\/posts\/11227\/revisions\/11229"}],"wp:featuredmedia":[{"embeddable":true,"href":"https:\/\/canaryo.net\/portal\/wp-json\/wp\/v2\/media\/11228"}],"wp:attachment":[{"href":"https:\/\/canaryo.net\/portal\/wp-json\/wp\/v2\/media?parent=11227"}],"wp:term":[{"taxonomy":"category","embeddable":true,"href":"https:\/\/canaryo.net\/portal\/wp-json\/wp\/v2\/categories?post=11227"},{"taxonomy":"post_tag","embeddable":true,"href":"https:\/\/canaryo.net\/portal\/wp-json\/wp\/v2\/tags?post=11227"}],"curies":[{"name":"wp","href":"https:\/\/api.w.org\/{rel}","templated":true}]}}