{"id":11546,"date":"2018-08-28T13:16:50","date_gmt":"2018-08-28T12:16:50","guid":{"rendered":"https:\/\/canaryo.net\/portal\/?p=11546"},"modified":"2018-08-28T13:16:50","modified_gmt":"2018-08-28T12:16:50","slug":"la-orotava-stellt-grundstucke-fur-schrebergarten-bereit","status":"publish","type":"post","link":"https:\/\/canaryo.net\/portal\/la-orotava-stellt-grundstucke-fur-schrebergarten-bereit\/","title":{"rendered":"La Orotava stellt Grundst\u00fccke f\u00fcr Schreberg\u00e4rten bereit"},"content":{"rendered":"<p>Teneriffa; 28.08.2018 &#8211; &#8211; Das Rathaus der Gemeinde La Orotava wird 58 Grundst\u00fccksparzellen f\u00fcr Schreberg\u00e4rten bereit stellen. Ab Ende September k\u00f6nnen Anwohner die Fl\u00e4chen beim \u201cParque Cultural Do\u00f1a Chana\u201c\u00a0pachten und dort \u00f6kologisch vertretbar Obst und Gem\u00fcse f\u00fcr den Eigenbedarf anbauen.<\/p>\n","protected":false},"excerpt":{"rendered":"<p>Teneriffa; 28.08.2018 &#8211; &#8211; Das Rathaus der Gemeinde La Orotava wird 58 Grundst\u00fccksparzellen f\u00fcr Schreberg\u00e4rten bereit stellen. Ab Ende September k\u00f6nnen Anwohner die Fl\u00e4chen beim \u201cParque Cultural Do\u00f1a Chana\u201c\u00a0pachten und dort \u00f6kologisch vertretbar Obst und Gem\u00fcse f\u00fcr den Eigenbedarf anbauen.<\/p>\n","protected":false},"author":1,"featured_media":11548,"comment_status":"open","ping_status":"open","sticky":false,"template":"","format":"gallery","meta":[],"categories":[528,519,6,441],"tags":[1430,3908,4449,4036,1917,4450,4448,4451,9],"_links":{"self":[{"href":"https:\/\/canaryo.net\/portal\/wp-json\/wp\/v2\/posts\/11546"}],"collection":[{"href":"https:\/\/canaryo.net\/portal\/wp-json\/wp\/v2\/posts"}],"about":[{"href":"https:\/\/canaryo.net\/portal\/wp-json\/wp\/v2\/types\/post"}],"author":[{"embeddable":true,"href":"https:\/\/canaryo.net\/portal\/wp-json\/wp\/v2\/users\/1"}],"replies":[{"embeddable":true,"href":"https:\/\/canaryo.net\/portal\/wp-json\/wp\/v2\/comments?post=11546"}],"version-history":[{"count":2,"href":"https:\/\/canaryo.net\/portal\/wp-json\/wp\/v2\/posts\/11546\/revisions"}],"predecessor-version":[{"id":11554,"href":"https:\/\/canaryo.net\/portal\/wp-json\/wp\/v2\/posts\/11546\/revisions\/11554"}],"wp:featuredmedia":[{"embeddable":true,"href":"https:\/\/canaryo.net\/portal\/wp-json\/wp\/v2\/media\/11548"}],"wp:attachment":[{"href":"https:\/\/canaryo.net\/portal\/wp-json\/wp\/v2\/media?parent=11546"}],"wp:term":[{"taxonomy":"category","embeddable":true,"href":"https:\/\/canaryo.net\/portal\/wp-json\/wp\/v2\/categories?post=11546"},{"taxonomy":"post_tag","embeddable":true,"href":"https:\/\/canaryo.net\/portal\/wp-json\/wp\/v2\/tags?post=11546"}],"curies":[{"name":"wp","href":"https:\/\/api.w.org\/{rel}","templated":true}]}}