{"id":11574,"date":"2018-08-29T12:21:19","date_gmt":"2018-08-29T11:21:19","guid":{"rendered":"https:\/\/canaryo.net\/portal\/?p=11574"},"modified":"2018-08-29T12:21:19","modified_gmt":"2018-08-29T11:21:19","slug":"57-neue-ultraschallgerate-fur-die-kanaren","status":"publish","type":"post","link":"https:\/\/canaryo.net\/portal\/57-neue-ultraschallgerate-fur-die-kanaren\/","title":{"rendered":"57 neue Ultraschallger\u00e4te f\u00fcr die Kanaren"},"content":{"rendered":"<p>Kanaren; 29.08.2018 &#8211; &#8211; Das Gesundheitsministerium der Regierung der Kanarischen Inseln wird 57 neue Ultraschallger\u00e4te anschaffen und in den Gesundheitszentren auf allen Inseln verteilen. Damit soll eine bessere Erstdiagnose m\u00f6glich sein. F\u00fcr alle gesetzlich Versicherten ist die Untersuchung mit den neuen Ger\u00e4ten gratis.<\/p>\n<p>Bildquelle:\u00a0med-obergurgl com<\/p>\n","protected":false},"excerpt":{"rendered":"<p>Kanaren; 29.08.2018 &#8211; &#8211; Das Gesundheitsministerium der Regierung der Kanarischen Inseln wird 57 neue Ultraschallger\u00e4te anschaffen und in den Gesundheitszentren auf allen Inseln verteilen. Damit soll eine bessere Erstdiagnose m\u00f6glich sein. F\u00fcr alle gesetzlich Versicherten ist die Untersuchung mit den neuen Ger\u00e4ten gratis. Bildquelle:\u00a0med-obergurgl com<\/p>\n","protected":false},"author":1,"featured_media":11579,"comment_status":"open","ping_status":"open","sticky":false,"template":"","format":"gallery","meta":[],"categories":[446,442,861,440,444,3586,445,443,6,441],"tags":[3352,2351,4463,476,1157,4461,4462,2248],"_links":{"self":[{"href":"https:\/\/canaryo.net\/portal\/wp-json\/wp\/v2\/posts\/11574"}],"collection":[{"href":"https:\/\/canaryo.net\/portal\/wp-json\/wp\/v2\/posts"}],"about":[{"href":"https:\/\/canaryo.net\/portal\/wp-json\/wp\/v2\/types\/post"}],"author":[{"embeddable":true,"href":"https:\/\/canaryo.net\/portal\/wp-json\/wp\/v2\/users\/1"}],"replies":[{"embeddable":true,"href":"https:\/\/canaryo.net\/portal\/wp-json\/wp\/v2\/comments?post=11574"}],"version-history":[{"count":2,"href":"https:\/\/canaryo.net\/portal\/wp-json\/wp\/v2\/posts\/11574\/revisions"}],"predecessor-version":[{"id":11582,"href":"https:\/\/canaryo.net\/portal\/wp-json\/wp\/v2\/posts\/11574\/revisions\/11582"}],"wp:featuredmedia":[{"embeddable":true,"href":"https:\/\/canaryo.net\/portal\/wp-json\/wp\/v2\/media\/11579"}],"wp:attachment":[{"href":"https:\/\/canaryo.net\/portal\/wp-json\/wp\/v2\/media?parent=11574"}],"wp:term":[{"taxonomy":"category","embeddable":true,"href":"https:\/\/canaryo.net\/portal\/wp-json\/wp\/v2\/categories?post=11574"},{"taxonomy":"post_tag","embeddable":true,"href":"https:\/\/canaryo.net\/portal\/wp-json\/wp\/v2\/tags?post=11574"}],"curies":[{"name":"wp","href":"https:\/\/api.w.org\/{rel}","templated":true}]}}