{"id":11889,"date":"2018-09-11T13:47:45","date_gmt":"2018-09-11T12:47:45","guid":{"rendered":"https:\/\/canaryo.net\/portal\/?p=11889"},"modified":"2018-09-11T13:47:45","modified_gmt":"2018-09-11T12:47:45","slug":"uber-40-der-historischen-gebaude-von-santa-cruz-de-tenerife-stehen-leer","status":"publish","type":"post","link":"https:\/\/canaryo.net\/portal\/uber-40-der-historischen-gebaude-von-santa-cruz-de-tenerife-stehen-leer\/","title":{"rendered":"\u00dcber 40% der historischen Geb\u00e4ude von Santa Cruz de Tenerife stehen leer"},"content":{"rendered":"<p>Teneriffa; 11.09.2018 &#8211; &#8211; In der historischen Altstadt von Santa Cruz de Tenerife sind \u00fcber 40% der Geb\u00e4ude ungenutzt und leer. Insgesamt sind 279 Grundst\u00fccke mit Geb\u00e4uden drauf, die von den Eigent\u00fcmern aufgegeben wurden, teilte der Stadtrat auf einer Pressekonferenz mit. Es wurde ein Plan entwickelt um die Innenstadt wieder neu zu beleben. Er befindet sich noch im Entwurfsstadium und der Umweltpr\u00fcfung durch die Regierung der Kanaren. 28 Immobilien konnten dem Abriss zum Opfer fallen, da sie zu bauf\u00e4llig sind. Die meisten Geb\u00e4ude haben aber einen historischen Wert und m\u00fcssen f\u00fcr das kulturelle Erbe der Kanaren erhalten bleiben, w\u00fcnscht sich die Stadt. Wie der Plan zur Reaktivierung der verlassenen Geb\u00e4ude, und somit der Innenstadt, genau aussieht, wurde noch nicht ver\u00f6ffentlicht.<\/p>\n<p>Bildquelle: Fran Pallero<\/p>\n","protected":false},"excerpt":{"rendered":"<p>Teneriffa; 11.09.2018 &#8211; &#8211; In der historischen Altstadt von Santa Cruz de Tenerife sind \u00fcber 40% der Geb\u00e4ude ungenutzt und leer. Insgesamt sind 279 Grundst\u00fccke mit Geb\u00e4uden drauf, die von den Eigent\u00fcmern aufgegeben wurden, teilte der Stadtrat auf einer Pressekonferenz mit. Es wurde ein Plan entwickelt um die Innenstadt wieder neu zu beleben. Er befindet [&hellip;]<\/p>\n","protected":false},"author":1,"featured_media":11891,"comment_status":"open","ping_status":"open","sticky":false,"template":"","format":"gallery","meta":[],"categories":[1659,6,640,441],"tags":[4606,4605,4604,4607,4275,517,2809,523,9,4608,4609],"_links":{"self":[{"href":"https:\/\/canaryo.net\/portal\/wp-json\/wp\/v2\/posts\/11889"}],"collection":[{"href":"https:\/\/canaryo.net\/portal\/wp-json\/wp\/v2\/posts"}],"about":[{"href":"https:\/\/canaryo.net\/portal\/wp-json\/wp\/v2\/types\/post"}],"author":[{"embeddable":true,"href":"https:\/\/canaryo.net\/portal\/wp-json\/wp\/v2\/users\/1"}],"replies":[{"embeddable":true,"href":"https:\/\/canaryo.net\/portal\/wp-json\/wp\/v2\/comments?post=11889"}],"version-history":[{"count":1,"href":"https:\/\/canaryo.net\/portal\/wp-json\/wp\/v2\/posts\/11889\/revisions"}],"predecessor-version":[{"id":11892,"href":"https:\/\/canaryo.net\/portal\/wp-json\/wp\/v2\/posts\/11889\/revisions\/11892"}],"wp:featuredmedia":[{"embeddable":true,"href":"https:\/\/canaryo.net\/portal\/wp-json\/wp\/v2\/media\/11891"}],"wp:attachment":[{"href":"https:\/\/canaryo.net\/portal\/wp-json\/wp\/v2\/media?parent=11889"}],"wp:term":[{"taxonomy":"category","embeddable":true,"href":"https:\/\/canaryo.net\/portal\/wp-json\/wp\/v2\/categories?post=11889"},{"taxonomy":"post_tag","embeddable":true,"href":"https:\/\/canaryo.net\/portal\/wp-json\/wp\/v2\/tags?post=11889"}],"curies":[{"name":"wp","href":"https:\/\/api.w.org\/{rel}","templated":true}]}}