{"id":12296,"date":"2018-09-26T14:13:58","date_gmt":"2018-09-26T13:13:58","guid":{"rendered":"https:\/\/canaryo.net\/portal\/?p=12296"},"modified":"2018-09-26T14:13:58","modified_gmt":"2018-09-26T13:13:58","slug":"kircheneinbrecher-auf-teneriffa-gefasst","status":"publish","type":"post","link":"https:\/\/canaryo.net\/portal\/kircheneinbrecher-auf-teneriffa-gefasst\/","title":{"rendered":"Kircheneinbrecher auf Teneriffa gefasst"},"content":{"rendered":"<p>Teneriffa; 26.09.2018 &#8211; &#8211; Drei mutma\u00dfliche T\u00e4ter im Alter von 20, 24 und 41 Jahren ging der Policia Nacional ins Netz. Sie werden verd\u00e4chtigt \u00fcber l\u00e4ngeren Zeitraum hinweg f\u00fcr die Einbr\u00fcche in Kirchen auf Teneriffa verantwortlich zu sein. Seit Monaten werden regelm\u00e4\u00dfig Kirchen auf der Insel bestohlen. Die Beamten fanden umfangreiches mutma\u00dfliches Tatwerkzeug sowie gestohlenen Wertgegenst\u00e4nde. Zwei weitere Mitt\u00e4ter werden noch gesucht. Alle sind spanischer Nationalit\u00e4t. Mindestens sechs Einbr\u00fcche in Kirchen in La Laguna, Santa Cruz, San Miguel de Abona, Punta de Hidalgo, Igueste de San Andres und Casa de las Cumbres werden ihnen zur Last gelegt.<\/p>\n","protected":false},"excerpt":{"rendered":"<p>Teneriffa; 26.09.2018 &#8211; &#8211; Drei mutma\u00dfliche T\u00e4ter im Alter von 20, 24 und 41 Jahren ging der Policia Nacional ins Netz. Sie werden verd\u00e4chtigt \u00fcber l\u00e4ngeren Zeitraum hinweg f\u00fcr die Einbr\u00fcche in Kirchen auf Teneriffa verantwortlich zu sein. Seit Monaten werden regelm\u00e4\u00dfig Kirchen auf der Insel bestohlen. Die Beamten fanden umfangreiches mutma\u00dfliches Tatwerkzeug sowie gestohlenen [&hellip;]<\/p>\n","protected":false},"author":1,"featured_media":12297,"comment_status":"open","ping_status":"open","sticky":false,"template":"","format":"gallery","meta":[],"categories":[494,6,441],"tags":[790,791,4805,631,3189,9,794],"_links":{"self":[{"href":"https:\/\/canaryo.net\/portal\/wp-json\/wp\/v2\/posts\/12296"}],"collection":[{"href":"https:\/\/canaryo.net\/portal\/wp-json\/wp\/v2\/posts"}],"about":[{"href":"https:\/\/canaryo.net\/portal\/wp-json\/wp\/v2\/types\/post"}],"author":[{"embeddable":true,"href":"https:\/\/canaryo.net\/portal\/wp-json\/wp\/v2\/users\/1"}],"replies":[{"embeddable":true,"href":"https:\/\/canaryo.net\/portal\/wp-json\/wp\/v2\/comments?post=12296"}],"version-history":[{"count":1,"href":"https:\/\/canaryo.net\/portal\/wp-json\/wp\/v2\/posts\/12296\/revisions"}],"predecessor-version":[{"id":12299,"href":"https:\/\/canaryo.net\/portal\/wp-json\/wp\/v2\/posts\/12296\/revisions\/12299"}],"wp:featuredmedia":[{"embeddable":true,"href":"https:\/\/canaryo.net\/portal\/wp-json\/wp\/v2\/media\/12297"}],"wp:attachment":[{"href":"https:\/\/canaryo.net\/portal\/wp-json\/wp\/v2\/media?parent=12296"}],"wp:term":[{"taxonomy":"category","embeddable":true,"href":"https:\/\/canaryo.net\/portal\/wp-json\/wp\/v2\/categories?post=12296"},{"taxonomy":"post_tag","embeddable":true,"href":"https:\/\/canaryo.net\/portal\/wp-json\/wp\/v2\/tags?post=12296"}],"curies":[{"name":"wp","href":"https:\/\/api.w.org\/{rel}","templated":true}]}}