{"id":12322,"date":"2018-09-27T12:54:40","date_gmt":"2018-09-27T11:54:40","guid":{"rendered":"https:\/\/canaryo.net\/portal\/?p=12322"},"modified":"2018-09-27T12:54:40","modified_gmt":"2018-09-27T11:54:40","slug":"drohne-in-santa-lucia-beschlagnahmt","status":"publish","type":"post","link":"https:\/\/canaryo.net\/portal\/drohne-in-santa-lucia-beschlagnahmt\/","title":{"rendered":"Drohne in Santa Lucia beschlagnahmt"},"content":{"rendered":"<p>Gran Canaria; 27.09.2018 &#8211; &#8211; Beamte der Policia Local haben in der Gemeinde von Santa Lucia de Tirajana in der Nacht eine Drohne beschlagnahmt. Der Eigent\u00fcmer steuerte sie \u00fcber mehrere H\u00e4user und machte dabei Videoaufnahmen. Die Polizei warnt daher: Die Verwendung von Drohnen \u00fcber \u00f6ffentlichem Raum oder fremden Grundst\u00fccken kann eine Anzeige der Flugsicherheitsbeh\u00f6rde zur Folge haben. Das Bu\u00dfgeld kann 10.000,- Euro betragen.<br \/>\nAu\u00dferdem ben\u00f6tigt man entsprechende Lizenzen und Genehmigungen um eine Drohne im \u00f6ffentlichem Raum zu fliegen.<br \/>\nLediglich \u00fcber eigenem privaten Land darf man eine Drohne ohne Berechtigungsnachweis fliegen.<\/p>\n","protected":false},"excerpt":{"rendered":"<p>Gran Canaria; 27.09.2018 &#8211; &#8211; Beamte der Policia Local haben in der Gemeinde von Santa Lucia de Tirajana in der Nacht eine Drohne beschlagnahmt. Der Eigent\u00fcmer steuerte sie \u00fcber mehrere H\u00e4user und machte dabei Videoaufnahmen. Die Polizei warnt daher: Die Verwendung von Drohnen \u00fcber \u00f6ffentlichem Raum oder fremden Grundst\u00fccken kann eine Anzeige der Flugsicherheitsbeh\u00f6rde zur [&hellip;]<\/p>\n","protected":false},"author":1,"featured_media":12325,"comment_status":"open","ping_status":"open","sticky":false,"template":"","format":"gallery","meta":[],"categories":[440,494,449,6],"tags":[4819,1499,4066,921,8,912,1317,4817,4818],"_links":{"self":[{"href":"https:\/\/canaryo.net\/portal\/wp-json\/wp\/v2\/posts\/12322"}],"collection":[{"href":"https:\/\/canaryo.net\/portal\/wp-json\/wp\/v2\/posts"}],"about":[{"href":"https:\/\/canaryo.net\/portal\/wp-json\/wp\/v2\/types\/post"}],"author":[{"embeddable":true,"href":"https:\/\/canaryo.net\/portal\/wp-json\/wp\/v2\/users\/1"}],"replies":[{"embeddable":true,"href":"https:\/\/canaryo.net\/portal\/wp-json\/wp\/v2\/comments?post=12322"}],"version-history":[{"count":1,"href":"https:\/\/canaryo.net\/portal\/wp-json\/wp\/v2\/posts\/12322\/revisions"}],"predecessor-version":[{"id":12328,"href":"https:\/\/canaryo.net\/portal\/wp-json\/wp\/v2\/posts\/12322\/revisions\/12328"}],"wp:featuredmedia":[{"embeddable":true,"href":"https:\/\/canaryo.net\/portal\/wp-json\/wp\/v2\/media\/12325"}],"wp:attachment":[{"href":"https:\/\/canaryo.net\/portal\/wp-json\/wp\/v2\/media?parent=12322"}],"wp:term":[{"taxonomy":"category","embeddable":true,"href":"https:\/\/canaryo.net\/portal\/wp-json\/wp\/v2\/categories?post=12322"},{"taxonomy":"post_tag","embeddable":true,"href":"https:\/\/canaryo.net\/portal\/wp-json\/wp\/v2\/tags?post=12322"}],"curies":[{"name":"wp","href":"https:\/\/api.w.org\/{rel}","templated":true}]}}