{"id":12702,"date":"2018-10-12T12:38:49","date_gmt":"2018-10-12T11:38:49","guid":{"rendered":"https:\/\/canaryo.net\/portal\/?p=12702"},"modified":"2018-10-12T12:40:35","modified_gmt":"2018-10-12T11:40:35","slug":"kanaren-aktivieren-notfallplan-pefma-wegen-hurrikan-leslie","status":"publish","type":"post","link":"https:\/\/canaryo.net\/portal\/kanaren-aktivieren-notfallplan-pefma-wegen-hurrikan-leslie\/","title":{"rendered":"Kanaren aktivieren Notfallplan PEFMA wegen Hurrikan Leslie"},"content":{"rendered":"<p>Kanaren; 12.10.2018 &#8211; &#8211; Die Generaldirektion f\u00fcr Sicherheit und Notfall der Kanarischen Regierung hat f\u00fcr die westlichen Inseln\u00a0La Palma, El Hierro, La Gomera und Teneriffa den Notfallplan PEFMA aktiviert. Es wird damit gerechnet dass am Montag den 15.10. der Hurrikan auf die Kanaren trifft.<br \/>\nDie Vorhersage der Zugbahn ist sehr schwer da sich die Bedingungen st\u00e4ndig \u00e4ndern. Aktuell wird davon ausgegangen das Leslie zumindest teilweise \u00fcber die Kanaren ziehen wird.<\/p>\n<p>Bildquelle: AEMET<\/p>\n","protected":false},"excerpt":{"rendered":"<p>Kanaren; 12.10.2018 &#8211; &#8211; Die Generaldirektion f\u00fcr Sicherheit und Notfall der Kanarischen Regierung hat f\u00fcr die westlichen Inseln\u00a0La Palma, El Hierro, La Gomera und Teneriffa den Notfallplan PEFMA aktiviert. Es wird damit gerechnet dass am Montag den 15.10. der Hurrikan auf die Kanaren trifft. Die Vorhersage der Zugbahn ist sehr schwer da sich die Bedingungen [&hellip;]<\/p>\n","protected":false},"author":1,"featured_media":12704,"comment_status":"open","ping_status":"open","sticky":false,"template":"","format":"gallery","meta":[],"categories":[446,442,440,444,3586,445,443,6,441,458],"tags":[4991,474,476,4909,799,4581],"_links":{"self":[{"href":"https:\/\/canaryo.net\/portal\/wp-json\/wp\/v2\/posts\/12702"}],"collection":[{"href":"https:\/\/canaryo.net\/portal\/wp-json\/wp\/v2\/posts"}],"about":[{"href":"https:\/\/canaryo.net\/portal\/wp-json\/wp\/v2\/types\/post"}],"author":[{"embeddable":true,"href":"https:\/\/canaryo.net\/portal\/wp-json\/wp\/v2\/users\/1"}],"replies":[{"embeddable":true,"href":"https:\/\/canaryo.net\/portal\/wp-json\/wp\/v2\/comments?post=12702"}],"version-history":[{"count":1,"href":"https:\/\/canaryo.net\/portal\/wp-json\/wp\/v2\/posts\/12702\/revisions"}],"predecessor-version":[{"id":12706,"href":"https:\/\/canaryo.net\/portal\/wp-json\/wp\/v2\/posts\/12702\/revisions\/12706"}],"wp:featuredmedia":[{"embeddable":true,"href":"https:\/\/canaryo.net\/portal\/wp-json\/wp\/v2\/media\/12704"}],"wp:attachment":[{"href":"https:\/\/canaryo.net\/portal\/wp-json\/wp\/v2\/media?parent=12702"}],"wp:term":[{"taxonomy":"category","embeddable":true,"href":"https:\/\/canaryo.net\/portal\/wp-json\/wp\/v2\/categories?post=12702"},{"taxonomy":"post_tag","embeddable":true,"href":"https:\/\/canaryo.net\/portal\/wp-json\/wp\/v2\/tags?post=12702"}],"curies":[{"name":"wp","href":"https:\/\/api.w.org\/{rel}","templated":true}]}}