{"id":13178,"date":"2018-10-29T16:02:56","date_gmt":"2018-10-29T15:02:56","guid":{"rendered":"https:\/\/canaryo.net\/portal\/?p=13178"},"modified":"2018-10-29T16:02:56","modified_gmt":"2018-10-29T15:02:56","slug":"reparaturarbeiten-an-der-promenade-vom-playa-las-canteras","status":"publish","type":"post","link":"https:\/\/canaryo.net\/portal\/reparaturarbeiten-an-der-promenade-vom-playa-las-canteras\/","title":{"rendered":"Reparaturarbeiten an der Promenade vom Playa las Canteras"},"content":{"rendered":"<p>Gran Canaria; 29.10.2018 &#8211; &#8211; Die Stadtverwaltung von Las Palmas de Gran Canaria hat heute mit der Reparatur eines Teils der Promenade von Las Canteras begonnen. Auf der H\u00f6he von La C\u00edcer war ein Teil der Promenade abgesackt und eingest\u00fcrzt. Der betreffende Bereich wurde weitr\u00e4umig abgesperrt.<\/p>\n<p>Bildquelle: Ayuntamiento LPA<\/p>\n","protected":false},"excerpt":{"rendered":"<p>Gran Canaria; 29.10.2018 &#8211; &#8211; Die Stadtverwaltung von Las Palmas de Gran Canaria hat heute mit der Reparatur eines Teils der Promenade von Las Canteras begonnen. Auf der H\u00f6he von La C\u00edcer war ein Teil der Promenade abgesackt und eingest\u00fcrzt. Der betreffende Bereich wurde weitr\u00e4umig abgesperrt. Bildquelle: Ayuntamiento LPA<\/p>\n","protected":false},"author":1,"featured_media":13179,"comment_status":"open","ping_status":"open","sticky":false,"template":"","format":"gallery","meta":[],"categories":[1659,440,6],"tags":[699,8,2266,435,2394,1539],"_links":{"self":[{"href":"https:\/\/canaryo.net\/portal\/wp-json\/wp\/v2\/posts\/13178"}],"collection":[{"href":"https:\/\/canaryo.net\/portal\/wp-json\/wp\/v2\/posts"}],"about":[{"href":"https:\/\/canaryo.net\/portal\/wp-json\/wp\/v2\/types\/post"}],"author":[{"embeddable":true,"href":"https:\/\/canaryo.net\/portal\/wp-json\/wp\/v2\/users\/1"}],"replies":[{"embeddable":true,"href":"https:\/\/canaryo.net\/portal\/wp-json\/wp\/v2\/comments?post=13178"}],"version-history":[{"count":1,"href":"https:\/\/canaryo.net\/portal\/wp-json\/wp\/v2\/posts\/13178\/revisions"}],"predecessor-version":[{"id":13183,"href":"https:\/\/canaryo.net\/portal\/wp-json\/wp\/v2\/posts\/13178\/revisions\/13183"}],"wp:featuredmedia":[{"embeddable":true,"href":"https:\/\/canaryo.net\/portal\/wp-json\/wp\/v2\/media\/13179"}],"wp:attachment":[{"href":"https:\/\/canaryo.net\/portal\/wp-json\/wp\/v2\/media?parent=13178"}],"wp:term":[{"taxonomy":"category","embeddable":true,"href":"https:\/\/canaryo.net\/portal\/wp-json\/wp\/v2\/categories?post=13178"},{"taxonomy":"post_tag","embeddable":true,"href":"https:\/\/canaryo.net\/portal\/wp-json\/wp\/v2\/tags?post=13178"}],"curies":[{"name":"wp","href":"https:\/\/api.w.org\/{rel}","templated":true}]}}