{"id":13181,"date":"2018-10-29T16:31:22","date_gmt":"2018-10-29T15:31:22","guid":{"rendered":"https:\/\/canaryo.net\/portal\/?p=13181"},"modified":"2018-10-29T16:31:22","modified_gmt":"2018-10-29T15:31:22","slug":"zwei-verdachtige-sollen-mobilfunkvertrage-erschlichen-haben-13-000e-schaden","status":"publish","type":"post","link":"https:\/\/canaryo.net\/portal\/zwei-verdachtige-sollen-mobilfunkvertrage-erschlichen-haben-13-000e-schaden\/","title":{"rendered":"Zwei Verd\u00e4chtige sollen Mobilfunkvertr\u00e4ge erschlichen haben &#8211; 13.000\u20ac Schaden"},"content":{"rendered":"<p>Gran Canaria; 29.10.2018 &#8211; &#8211; Zwei M\u00e4nner (35, 39) aus Telde wurden von der Policia Nacional verhaftet. Sie werden verd\u00e4chtigt bei Mobilfunkanbietern unter Angabe falscher Daten Telefonvertr\u00e4ge samt Smartphones oder Tablet-Computer erschlichen zu haben. Die Ger\u00e4te wurden dann weiterverkauft. Der Schaden wird aktuell auf 13.000,- Euro gesch\u00e4tzt. Die T\u00e4ter benutzten bei den Vertragsabschl\u00fcssen Namen von Menschen aus ihrem Umfeld oder der Nachbarschaft. Als keine Zahlungen f\u00fcr die monatlichen Geb\u00fchren bezahlt wurden, stellte die Telefonanbieter Unregelm\u00e4\u00dfigkeiten in den abgeschlossenen Mobilfunkvertr\u00e4gen fest und erstatten Anzeige bei der Policia Nacional.<\/p>\n","protected":false},"excerpt":{"rendered":"<p>Gran Canaria; 29.10.2018 &#8211; &#8211; Zwei M\u00e4nner (35, 39) aus Telde wurden von der Policia Nacional verhaftet. Sie werden verd\u00e4chtigt bei Mobilfunkanbietern unter Angabe falscher Daten Telefonvertr\u00e4ge samt Smartphones oder Tablet-Computer erschlichen zu haben. Die Ger\u00e4te wurden dann weiterverkauft. Der Schaden wird aktuell auf 13.000,- Euro gesch\u00e4tzt. Die T\u00e4ter benutzten bei den Vertragsabschl\u00fcssen Namen von [&hellip;]<\/p>\n","protected":false},"author":1,"featured_media":5217,"comment_status":"open","ping_status":"open","sticky":false,"template":"","format":"gallery","meta":[],"categories":[440,494,6],"tags":[941,8,2529,5203,5204,647,943,2530,5205],"_links":{"self":[{"href":"https:\/\/canaryo.net\/portal\/wp-json\/wp\/v2\/posts\/13181"}],"collection":[{"href":"https:\/\/canaryo.net\/portal\/wp-json\/wp\/v2\/posts"}],"about":[{"href":"https:\/\/canaryo.net\/portal\/wp-json\/wp\/v2\/types\/post"}],"author":[{"embeddable":true,"href":"https:\/\/canaryo.net\/portal\/wp-json\/wp\/v2\/users\/1"}],"replies":[{"embeddable":true,"href":"https:\/\/canaryo.net\/portal\/wp-json\/wp\/v2\/comments?post=13181"}],"version-history":[{"count":1,"href":"https:\/\/canaryo.net\/portal\/wp-json\/wp\/v2\/posts\/13181\/revisions"}],"predecessor-version":[{"id":13189,"href":"https:\/\/canaryo.net\/portal\/wp-json\/wp\/v2\/posts\/13181\/revisions\/13189"}],"wp:featuredmedia":[{"embeddable":true,"href":"https:\/\/canaryo.net\/portal\/wp-json\/wp\/v2\/media\/5217"}],"wp:attachment":[{"href":"https:\/\/canaryo.net\/portal\/wp-json\/wp\/v2\/media?parent=13181"}],"wp:term":[{"taxonomy":"category","embeddable":true,"href":"https:\/\/canaryo.net\/portal\/wp-json\/wp\/v2\/categories?post=13181"},{"taxonomy":"post_tag","embeddable":true,"href":"https:\/\/canaryo.net\/portal\/wp-json\/wp\/v2\/tags?post=13181"}],"curies":[{"name":"wp","href":"https:\/\/api.w.org\/{rel}","templated":true}]}}