{"id":13472,"date":"2018-11-09T13:00:58","date_gmt":"2018-11-09T12:00:58","guid":{"rendered":"https:\/\/canaryo.net\/portal\/?p=13472"},"modified":"2018-11-09T21:01:26","modified_gmt":"2018-11-09T20:01:26","slug":"schnellfahre-alboran-wurde-von-ausflugsboot-gerammt","status":"publish","type":"post","link":"https:\/\/canaryo.net\/portal\/schnellfahre-alboran-wurde-von-ausflugsboot-gerammt\/","title":{"rendered":"Schnellf\u00e4hre Alboran rammte Lastkahn &#8211; Katastrophe knapp verhindert"},"content":{"rendered":"<p>Gran Canaria; 08.11.2018 &#8211; &#8211; Am Donnerstag rammte die Katamaran-F\u00e4hre &#8220;Alboran&#8221; einen Lastkahn, welcher f\u00fcr Taucharbeiten genutzt wurde.<br \/>\nDer Vorfall ereignete sich rund 9 km vor\u00a0Ba\u00f1aderos. Die F\u00e4hre, der Reederei Naviera Armas, kehrte daraufhin in den Hafen Puerto de la Luz (Las Palmas) zur\u00fcck. Eigentlich befand sie sich mit 52 km\/h Geschwindigkeit auf dem Liniendienst zwischen Las Palmas und Santa Cruz de Tenerife.<br \/>\nDer Rettungshubschrauber Helimer 202 und Rettungsschiffe des Salvamento Mar\u00edtimo sowie der Guardia Civil retteten drei Besatzungsmitglieder des Arbeitsschiffes. Ein Besatzungsmitglied rettete sich auf einem im Wasser treibenden Container, wovon sich zwei St\u00fcck auf dem Kahn befunden hatten. Die Besatzung des Lastkahn kam in das Krankenhaus Dr. Negrin. Auf der F\u00e4hre kam niemand von den 150 Menschen an Bord zu Schaden, lediglich eine Frau musste nach der R\u00fcckkehr wegen Angstzust\u00e4nde behandelt werden. \u00dcber die Schadensh\u00f6he an beiden Seefahrzeugen gab es bisher keine Angaben. Wie auf den ver\u00f6ffentlichten Bildern und Videos zu sehen ist, hatte die F\u00e4hre bei der R\u00fcckkehr Schlagseite nach Backbord, was auf einen Wassereinbruch zur\u00fcckzuf\u00fchren ist. Der Lastkahn trieb gestern noch halb versunken im Ozean. Die F\u00e4hre Alboran muss nun in die Werft, wodurch F\u00e4hrfahrten ausfallen werden.<br \/>\nDer Kapit\u00e4n des Lastkahns wollte sich vom Krankenhaus aus mit dem Taxi zum Ungl\u00fccksverursacher &#8211; dem Kapit\u00e4n der Armas-F\u00e4hre &#8211; machen um ihn zur Rede zu stellen. Jedoch hinderten ihn Polizisten der Guardia Civil daran.<br \/>\nDie Schuldfrage muss nun durch Ermittlungen der Beh\u00f6rden gekl\u00e4rt werden.<br \/>\nOffenbar sind die Kanarischen Inseln nur knapp einer Schiffskatastrophe entgangen.<\/p>\n<p>Hinweis: Bei den ersten Meldungen, welche gestern durch regionale Medien verbreitet wurden, hiess es erst, dass die F\u00e4hre von einem Ausflugsboot gerammt worden sein soll. Wir hatten diese Angaben \u00fcbernommen und heute korrigiert.<\/p>\n<p>Bildquelle: grancanaria tv<\/p>\n<hr \/>\n<p>UPDATE: Hier ein Bild des Arbeitsschiffes &#8220;Trames Uno&#8221;, welches an dem Unfall beteiligt war. Es war mit zwei Container mit Tauchausr\u00fcstung beladen. Bildquelle: tramessl.com<\/p>\n<p><img loading=\"lazy\" class=\" wp-image-13499\" src=\"https:\/\/canaryo.net\/portal\/wp-content\/uploads\/2018\/11\/TramesUnoSchiffGC112018-400x486.jpg\" alt=\"Trames Uno Schiff GC112018\" width=\"401\" height=\"487\" srcset=\"https:\/\/canaryo.net\/portal\/wp-content\/uploads\/2018\/11\/TramesUnoSchiffGC112018-400x486.jpg 400w, https:\/\/canaryo.net\/portal\/wp-content\/uploads\/2018\/11\/TramesUnoSchiffGC112018-250x303.jpg 250w, https:\/\/canaryo.net\/portal\/wp-content\/uploads\/2018\/11\/TramesUnoSchiffGC112018-650x789.jpg 650w, https:\/\/canaryo.net\/portal\/wp-content\/uploads\/2018\/11\/TramesUnoSchiffGC112018-150x182.jpg 150w, https:\/\/canaryo.net\/portal\/wp-content\/uploads\/2018\/11\/TramesUnoSchiffGC112018-50x61.jpg 50w, https:\/\/canaryo.net\/portal\/wp-content\/uploads\/2018\/11\/TramesUnoSchiffGC112018-100x121.jpg 100w, https:\/\/canaryo.net\/portal\/wp-content\/uploads\/2018\/11\/TramesUnoSchiffGC112018-200x243.jpg 200w, https:\/\/canaryo.net\/portal\/wp-content\/uploads\/2018\/11\/TramesUnoSchiffGC112018-300x364.jpg 300w, https:\/\/canaryo.net\/portal\/wp-content\/uploads\/2018\/11\/TramesUnoSchiffGC112018-350x425.jpg 350w, https:\/\/canaryo.net\/portal\/wp-content\/uploads\/2018\/11\/TramesUnoSchiffGC112018-450x546.jpg 450w, https:\/\/canaryo.net\/portal\/wp-content\/uploads\/2018\/11\/TramesUnoSchiffGC112018-500x607.jpg 500w, https:\/\/canaryo.net\/portal\/wp-content\/uploads\/2018\/11\/TramesUnoSchiffGC112018-550x668.jpg 550w, https:\/\/canaryo.net\/portal\/wp-content\/uploads\/2018\/11\/TramesUnoSchiffGC112018.jpg 701w\" sizes=\"(max-width: 401px) 100vw, 401px\" \/><\/p>\n<p>:<\/p>\n","protected":false},"excerpt":{"rendered":"<p>Gran Canaria; 08.11.2018 &#8211; &#8211; Am Donnerstag rammte die Katamaran-F\u00e4hre &#8220;Alboran&#8221; einen Lastkahn, welcher f\u00fcr Taucharbeiten genutzt wurde. Der Vorfall ereignete sich rund 9 km vor\u00a0Ba\u00f1aderos. Die F\u00e4hre, der Reederei Naviera Armas, kehrte daraufhin in den Hafen Puerto de la Luz (Las Palmas) zur\u00fcck. Eigentlich befand sie sich mit 52 km\/h Geschwindigkeit auf dem Liniendienst [&hellip;]<\/p>\n","protected":false},"author":1,"featured_media":13475,"comment_status":"open","ping_status":"open","sticky":false,"template":"","format":"gallery","meta":[],"categories":[440,6,450,461],"tags":[2517,5339,869,8,1571,435,5338,516],"_links":{"self":[{"href":"https:\/\/canaryo.net\/portal\/wp-json\/wp\/v2\/posts\/13472"}],"collection":[{"href":"https:\/\/canaryo.net\/portal\/wp-json\/wp\/v2\/posts"}],"about":[{"href":"https:\/\/canaryo.net\/portal\/wp-json\/wp\/v2\/types\/post"}],"author":[{"embeddable":true,"href":"https:\/\/canaryo.net\/portal\/wp-json\/wp\/v2\/users\/1"}],"replies":[{"embeddable":true,"href":"https:\/\/canaryo.net\/portal\/wp-json\/wp\/v2\/comments?post=13472"}],"version-history":[{"count":6,"href":"https:\/\/canaryo.net\/portal\/wp-json\/wp\/v2\/posts\/13472\/revisions"}],"predecessor-version":[{"id":13501,"href":"https:\/\/canaryo.net\/portal\/wp-json\/wp\/v2\/posts\/13472\/revisions\/13501"}],"wp:featuredmedia":[{"embeddable":true,"href":"https:\/\/canaryo.net\/portal\/wp-json\/wp\/v2\/media\/13475"}],"wp:attachment":[{"href":"https:\/\/canaryo.net\/portal\/wp-json\/wp\/v2\/media?parent=13472"}],"wp:term":[{"taxonomy":"category","embeddable":true,"href":"https:\/\/canaryo.net\/portal\/wp-json\/wp\/v2\/categories?post=13472"},{"taxonomy":"post_tag","embeddable":true,"href":"https:\/\/canaryo.net\/portal\/wp-json\/wp\/v2\/tags?post=13472"}],"curies":[{"name":"wp","href":"https:\/\/api.w.org\/{rel}","templated":true}]}}