{"id":13580,"date":"2018-11-14T02:47:16","date_gmt":"2018-11-14T01:47:16","guid":{"rendered":"https:\/\/canaryo.net\/portal\/?p=13580"},"modified":"2018-11-14T13:00:03","modified_gmt":"2018-11-14T12:00:03","slug":"funf-menschenschleuser-auf-teneriffa-verhaftet","status":"publish","type":"post","link":"https:\/\/canaryo.net\/portal\/funf-menschenschleuser-auf-teneriffa-verhaftet\/","title":{"rendered":"F\u00fcnf Menschenschleuser auf Teneriffa verhaftet"},"content":{"rendered":"<p>Teneriffa; 14.11.2018 &#8211; &#8211; Die Policia Nacional konnte f\u00fcnf Schleuser verhaften die f\u00fcr mindestens ein Boot, mit 73 Fl\u00fcchtlingen, verantwortlich sein sollen, welches am 28. Oktober Los Cristianos erreichte. Sie sollen die \u00dcberfahrt organisiert haben und sollten bei der Unterbringung und Verteilung der illegalen Einwanderer helfen. Sechs der Personen, die an Bord waren, sind anerkannt minderj\u00e4hrig. Alle waren m\u00e4nnliche Maghrebis. Die Erwachsenen werden alle wieder in das Ursprungsland abgeschoben, so berichten regionale Medien.<\/p>\n","protected":false},"excerpt":{"rendered":"<p>Teneriffa; 14.11.2018 &#8211; &#8211; Die Policia Nacional konnte f\u00fcnf Schleuser verhaften die f\u00fcr mindestens ein Boot, mit 73 Fl\u00fcchtlingen, verantwortlich sein sollen, welches am 28. Oktober Los Cristianos erreichte. Sie sollen die \u00dcberfahrt organisiert haben und sollten bei der Unterbringung und Verteilung der illegalen Einwanderer helfen. Sechs der Personen, die an Bord waren, sind anerkannt [&hellip;]<\/p>\n","protected":false},"author":1,"featured_media":13156,"comment_status":"open","ping_status":"open","sticky":false,"template":"","format":"gallery","meta":[],"categories":[494,6,450,441],"tags":[2542,5386,572,588,604,5098,596,5385,1511,3707,9,794],"_links":{"self":[{"href":"https:\/\/canaryo.net\/portal\/wp-json\/wp\/v2\/posts\/13580"}],"collection":[{"href":"https:\/\/canaryo.net\/portal\/wp-json\/wp\/v2\/posts"}],"about":[{"href":"https:\/\/canaryo.net\/portal\/wp-json\/wp\/v2\/types\/post"}],"author":[{"embeddable":true,"href":"https:\/\/canaryo.net\/portal\/wp-json\/wp\/v2\/users\/1"}],"replies":[{"embeddable":true,"href":"https:\/\/canaryo.net\/portal\/wp-json\/wp\/v2\/comments?post=13580"}],"version-history":[{"count":2,"href":"https:\/\/canaryo.net\/portal\/wp-json\/wp\/v2\/posts\/13580\/revisions"}],"predecessor-version":[{"id":13591,"href":"https:\/\/canaryo.net\/portal\/wp-json\/wp\/v2\/posts\/13580\/revisions\/13591"}],"wp:featuredmedia":[{"embeddable":true,"href":"https:\/\/canaryo.net\/portal\/wp-json\/wp\/v2\/media\/13156"}],"wp:attachment":[{"href":"https:\/\/canaryo.net\/portal\/wp-json\/wp\/v2\/media?parent=13580"}],"wp:term":[{"taxonomy":"category","embeddable":true,"href":"https:\/\/canaryo.net\/portal\/wp-json\/wp\/v2\/categories?post=13580"},{"taxonomy":"post_tag","embeddable":true,"href":"https:\/\/canaryo.net\/portal\/wp-json\/wp\/v2\/tags?post=13580"}],"curies":[{"name":"wp","href":"https:\/\/api.w.org\/{rel}","templated":true}]}}