{"id":14931,"date":"2019-01-23T16:44:36","date_gmt":"2019-01-23T16:44:36","guid":{"rendered":"https:\/\/canaryo.net\/portal\/?p=14931"},"modified":"2019-01-23T16:49:00","modified_gmt":"2019-01-23T16:49:00","slug":"mehrere-seebeben-bis-staerke-3-vor-la-gomera-registriert","status":"publish","type":"post","link":"https:\/\/canaryo.net\/portal\/mehrere-seebeben-bis-staerke-3-vor-la-gomera-registriert\/","title":{"rendered":"Mehrere Seebeben bis St\u00e4rke 3 vor La Gomera registriert"},"content":{"rendered":"<p>La Gomera; 23.01.2019 &#8211; &#8211; Das Nationale Institut f\u00fcr Geographie (IGN) hat gestern mehrere Erdbeben vor der K\u00fcste von La Gomera registriert. Die St\u00e4rken reichen von 1,6 bis 3 auf der Richterskala. Die Beben entstanden in einer Tiefe von 8 km.<br \/>\nGestern Abend, gegen 20:58 Uhr, wurde erneut ein Seebeben zwischen Teneriffa und Gran Canaria, mit der St\u00e4rke von 2 auf der Richterskala, registriert. Es lag in 12 km Tiefe und an der selben Stelle wie das k\u00fcrzlich registrierte Erdbeben der St\u00e4rke von 4,2.<\/p>\n<p>Bildquelle: IGN<\/p>\n","protected":false},"excerpt":{"rendered":"<p>La Gomera; 23.01.2019 &#8211; &#8211; Das Nationale Institut f\u00fcr Geographie (IGN) hat gestern mehrere Erdbeben vor der K\u00fcste von La Gomera registriert. Die St\u00e4rken reichen von 1,6 bis 3 auf der Richterskala. Die Beben entstanden in einer Tiefe von 8 km. Gestern Abend, gegen 20:58 Uhr, wurde erneut ein Seebeben zwischen Teneriffa und Gran Canaria, [&hellip;]<\/p>\n","protected":false},"author":1,"featured_media":14954,"comment_status":"open","ping_status":"open","sticky":false,"template":"","format":"gallery","meta":[],"categories":[440,444,6,441],"tags":[4819,649,13,2779],"_links":{"self":[{"href":"https:\/\/canaryo.net\/portal\/wp-json\/wp\/v2\/posts\/14931"}],"collection":[{"href":"https:\/\/canaryo.net\/portal\/wp-json\/wp\/v2\/posts"}],"about":[{"href":"https:\/\/canaryo.net\/portal\/wp-json\/wp\/v2\/types\/post"}],"author":[{"embeddable":true,"href":"https:\/\/canaryo.net\/portal\/wp-json\/wp\/v2\/users\/1"}],"replies":[{"embeddable":true,"href":"https:\/\/canaryo.net\/portal\/wp-json\/wp\/v2\/comments?post=14931"}],"version-history":[{"count":3,"href":"https:\/\/canaryo.net\/portal\/wp-json\/wp\/v2\/posts\/14931\/revisions"}],"predecessor-version":[{"id":14959,"href":"https:\/\/canaryo.net\/portal\/wp-json\/wp\/v2\/posts\/14931\/revisions\/14959"}],"wp:featuredmedia":[{"embeddable":true,"href":"https:\/\/canaryo.net\/portal\/wp-json\/wp\/v2\/media\/14954"}],"wp:attachment":[{"href":"https:\/\/canaryo.net\/portal\/wp-json\/wp\/v2\/media?parent=14931"}],"wp:term":[{"taxonomy":"category","embeddable":true,"href":"https:\/\/canaryo.net\/portal\/wp-json\/wp\/v2\/categories?post=14931"},{"taxonomy":"post_tag","embeddable":true,"href":"https:\/\/canaryo.net\/portal\/wp-json\/wp\/v2\/tags?post=14931"}],"curies":[{"name":"wp","href":"https:\/\/api.w.org\/{rel}","templated":true}]}}