{"id":15862,"date":"2019-03-14T20:53:14","date_gmt":"2019-03-14T20:53:14","guid":{"rendered":"https:\/\/canaryo.net\/portal\/?p=15862"},"modified":"2019-03-15T00:24:44","modified_gmt":"2019-03-15T00:24:44","slug":"28-kandidatinnen-fuer-maspamoon-karneval-in-maspalomas-gewaehlt","status":"publish","type":"post","link":"https:\/\/canaryo.net\/portal\/28-kandidatinnen-fuer-maspamoon-karneval-in-maspalomas-gewaehlt\/","title":{"rendered":"28 Kandidatinnen f\u00fcr die K\u00f6nigin zum &#8220;Maspamoon&#8221;-Karneval in Maspalomas gew\u00e4hlt"},"content":{"rendered":"<p>Gran Canaria; 14.03.2019 &#8211; &#8211; Am gestrigen Mittwoch wurden die 28 Kandidatinnen f\u00fcr den &#8220;Internationalen Karneval von Maspalomas&#8221; vorgestellt. Drei von ihnen werden Karnevalsk\u00f6niginnen in ihrer jeweiligen Altersgruppe. Davon sind 10 Kinder, 13 Jugendliche und Erwachsene unter 30 sowie 5 \u00e4ltere Damen \u00fcber 50. Unter dem Thema &#8220;Reise zum Mund&#8221; werden diese Frauen und Kinder die Besatzung des Raumschiffes bilden, welches symbolisch zum &#8220;Maspamoon&#8221;-Mond fliegen soll.<\/p>\n<p>Bildquelle:\u00a0grancanariatv com<\/p>\n","protected":false},"excerpt":{"rendered":"<p>Gran Canaria; 14.03.2019 &#8211; &#8211; Am gestrigen Mittwoch wurden die 28 Kandidatinnen f\u00fcr den &#8220;Internationalen Karneval von Maspalomas&#8221; vorgestellt. Drei von ihnen werden Karnevalsk\u00f6niginnen in ihrer jeweiligen Altersgruppe. Davon sind 10 Kinder, 13 Jugendliche und Erwachsene unter 30 sowie 5 \u00e4ltere Damen \u00fcber 50. Unter dem Thema &#8220;Reise zum Mund&#8221; werden diese Frauen und Kinder [&hellip;]<\/p>\n","protected":false},"author":1,"featured_media":15863,"comment_status":"open","ping_status":"open","sticky":false,"template":"","format":"gallery","meta":[],"categories":[440,454,6],"tags":[4514,6193,6275,856,15,6276],"_links":{"self":[{"href":"https:\/\/canaryo.net\/portal\/wp-json\/wp\/v2\/posts\/15862"}],"collection":[{"href":"https:\/\/canaryo.net\/portal\/wp-json\/wp\/v2\/posts"}],"about":[{"href":"https:\/\/canaryo.net\/portal\/wp-json\/wp\/v2\/types\/post"}],"author":[{"embeddable":true,"href":"https:\/\/canaryo.net\/portal\/wp-json\/wp\/v2\/users\/1"}],"replies":[{"embeddable":true,"href":"https:\/\/canaryo.net\/portal\/wp-json\/wp\/v2\/comments?post=15862"}],"version-history":[{"count":3,"href":"https:\/\/canaryo.net\/portal\/wp-json\/wp\/v2\/posts\/15862\/revisions"}],"predecessor-version":[{"id":15881,"href":"https:\/\/canaryo.net\/portal\/wp-json\/wp\/v2\/posts\/15862\/revisions\/15881"}],"wp:featuredmedia":[{"embeddable":true,"href":"https:\/\/canaryo.net\/portal\/wp-json\/wp\/v2\/media\/15863"}],"wp:attachment":[{"href":"https:\/\/canaryo.net\/portal\/wp-json\/wp\/v2\/media?parent=15862"}],"wp:term":[{"taxonomy":"category","embeddable":true,"href":"https:\/\/canaryo.net\/portal\/wp-json\/wp\/v2\/categories?post=15862"},{"taxonomy":"post_tag","embeddable":true,"href":"https:\/\/canaryo.net\/portal\/wp-json\/wp\/v2\/tags?post=15862"}],"curies":[{"name":"wp","href":"https:\/\/api.w.org\/{rel}","templated":true}]}}