{"id":17394,"date":"2019-05-29T17:46:54","date_gmt":"2019-05-29T17:46:54","guid":{"rendered":"https:\/\/canaryo.net\/portal\/?p=17394"},"modified":"2019-05-29T18:11:01","modified_gmt":"2019-05-29T18:11:01","slug":"neue-fussgaengerbruecke-ueber-avenida-de-maritima-in-las-palmas","status":"publish","type":"post","link":"https:\/\/canaryo.net\/portal\/neue-fussgaengerbruecke-ueber-avenida-de-maritima-in-las-palmas\/","title":{"rendered":"Neue Fu\u00dfg\u00e4ngerbr\u00fccke \u00fcber Avenida de Maritima in Las Palmas"},"content":{"rendered":"<p>Gran Canaria; 29.05.2019 &#8211; &#8211; Zwischen dem Ozeaneum Poema del Mar, bzw. den Markthallen am Hafen und dem Mapfre-Versicherungsgeb\u00e4ude, wird eine neue Fu\u00dfg\u00e4ngerbr\u00fccke gebaut. Sie tr\u00e4gt den Namen &#8220;Onda Atl\u00e1ntica&#8221;, da sie wie eine Welle gebogen ist und kostet 2,3 Millionen Euro. Damit k\u00f6nnen Fu\u00dfg\u00e4nger noch einfacher die Stadtautobahn GC-1 \u00fcberqueren und das Stadtbild wird nachhaltig ver\u00e4ndert. Die Br\u00fccke selbst hat eine Oberfl\u00e4che von 1.801 Quadratmeter, ist 6,24m breit, maximal 5,5m hoch und wurde in 14 vorgefertigen Teilen in Sevilla produziert. Bis September diesen Jahres, dem Beginn der Kreuzfahrtsaison, soll die Br\u00fccke fertiggestellt sein.<\/p>\n","protected":false},"excerpt":{"rendered":"<p>Gran Canaria; 29.05.2019 &#8211; &#8211; Zwischen dem Ozeaneum Poema del Mar, bzw. den Markthallen am Hafen und dem Mapfre-Versicherungsgeb\u00e4ude, wird eine neue Fu\u00dfg\u00e4ngerbr\u00fccke gebaut. Sie tr\u00e4gt den Namen &#8220;Onda Atl\u00e1ntica&#8221;, da sie wie eine Welle gebogen ist und kostet 2,3 Millionen Euro. Damit k\u00f6nnen Fu\u00dfg\u00e4nger noch einfacher die Stadtautobahn GC-1 \u00fcberqueren und das Stadtbild wird [&hellip;]<\/p>\n","protected":false},"author":1,"featured_media":17397,"comment_status":"open","ping_status":"open","sticky":false,"template":"","format":"gallery","meta":[],"categories":[1659,440,6],"tags":[6747,1274,960,6748,3011,6721,1109,435,708,542],"_links":{"self":[{"href":"https:\/\/canaryo.net\/portal\/wp-json\/wp\/v2\/posts\/17394"}],"collection":[{"href":"https:\/\/canaryo.net\/portal\/wp-json\/wp\/v2\/posts"}],"about":[{"href":"https:\/\/canaryo.net\/portal\/wp-json\/wp\/v2\/types\/post"}],"author":[{"embeddable":true,"href":"https:\/\/canaryo.net\/portal\/wp-json\/wp\/v2\/users\/1"}],"replies":[{"embeddable":true,"href":"https:\/\/canaryo.net\/portal\/wp-json\/wp\/v2\/comments?post=17394"}],"version-history":[{"count":2,"href":"https:\/\/canaryo.net\/portal\/wp-json\/wp\/v2\/posts\/17394\/revisions"}],"predecessor-version":[{"id":17401,"href":"https:\/\/canaryo.net\/portal\/wp-json\/wp\/v2\/posts\/17394\/revisions\/17401"}],"wp:featuredmedia":[{"embeddable":true,"href":"https:\/\/canaryo.net\/portal\/wp-json\/wp\/v2\/media\/17397"}],"wp:attachment":[{"href":"https:\/\/canaryo.net\/portal\/wp-json\/wp\/v2\/media?parent=17394"}],"wp:term":[{"taxonomy":"category","embeddable":true,"href":"https:\/\/canaryo.net\/portal\/wp-json\/wp\/v2\/categories?post=17394"},{"taxonomy":"post_tag","embeddable":true,"href":"https:\/\/canaryo.net\/portal\/wp-json\/wp\/v2\/tags?post=17394"}],"curies":[{"name":"wp","href":"https:\/\/api.w.org\/{rel}","templated":true}]}}