{"id":17596,"date":"2019-06-10T01:39:50","date_gmt":"2019-06-10T01:39:50","guid":{"rendered":"https:\/\/canaryo.net\/portal\/?p=17596"},"modified":"2019-06-10T01:39:50","modified_gmt":"2019-06-10T01:39:50","slug":"toedlicher-unfall-mit-quad-auf-fuerteventura","status":"publish","type":"post","link":"https:\/\/canaryo.net\/portal\/toedlicher-unfall-mit-quad-auf-fuerteventura\/","title":{"rendered":"T\u00f6dlicher Unfall mit Quad auf Fuerteventura"},"content":{"rendered":"<p>Fuerteventura; 09.06.2019 &#8211; &#8211; Am Nachmittag des letzten Sonnabends kam es im Kreisverkehr bei der M\u00fclldeponie von Puerto del Rosario zu einem schweren Verkehrsunfall. Gegen 16:45 Uhr verungl\u00fcckte dort ein 21 Jahre junger Mann. Seine Verletzungen an Brust und Kopf f\u00fchrten dazu dass der Mann noch an Ort und Stelle verstarb.<\/p>\n","protected":false},"excerpt":{"rendered":"<p>Fuerteventura; 09.06.2019 &#8211; &#8211; Am Nachmittag des letzten Sonnabends kam es im Kreisverkehr bei der M\u00fclldeponie von Puerto del Rosario zu einem schweren Verkehrsunfall. Gegen 16:45 Uhr verungl\u00fcckte dort ein 21 Jahre junger Mann. Seine Verletzungen an Brust und Kopf f\u00fchrten dazu dass der Mann noch an Ort und Stelle verstarb.<\/p>\n","protected":false},"author":1,"featured_media":6262,"comment_status":"open","ping_status":"open","sticky":false,"template":"","format":"gallery","meta":[],"categories":[448,442,6,461],"tags":[10,2659,1194,600,612,818,516,1560],"_links":{"self":[{"href":"https:\/\/canaryo.net\/portal\/wp-json\/wp\/v2\/posts\/17596"}],"collection":[{"href":"https:\/\/canaryo.net\/portal\/wp-json\/wp\/v2\/posts"}],"about":[{"href":"https:\/\/canaryo.net\/portal\/wp-json\/wp\/v2\/types\/post"}],"author":[{"embeddable":true,"href":"https:\/\/canaryo.net\/portal\/wp-json\/wp\/v2\/users\/1"}],"replies":[{"embeddable":true,"href":"https:\/\/canaryo.net\/portal\/wp-json\/wp\/v2\/comments?post=17596"}],"version-history":[{"count":1,"href":"https:\/\/canaryo.net\/portal\/wp-json\/wp\/v2\/posts\/17596\/revisions"}],"predecessor-version":[{"id":17601,"href":"https:\/\/canaryo.net\/portal\/wp-json\/wp\/v2\/posts\/17596\/revisions\/17601"}],"wp:featuredmedia":[{"embeddable":true,"href":"https:\/\/canaryo.net\/portal\/wp-json\/wp\/v2\/media\/6262"}],"wp:attachment":[{"href":"https:\/\/canaryo.net\/portal\/wp-json\/wp\/v2\/media?parent=17596"}],"wp:term":[{"taxonomy":"category","embeddable":true,"href":"https:\/\/canaryo.net\/portal\/wp-json\/wp\/v2\/categories?post=17596"},{"taxonomy":"post_tag","embeddable":true,"href":"https:\/\/canaryo.net\/portal\/wp-json\/wp\/v2\/tags?post=17596"}],"curies":[{"name":"wp","href":"https:\/\/api.w.org\/{rel}","templated":true}]}}