{"id":18251,"date":"2020-03-28T20:00:00","date_gmt":"2020-03-28T20:00:00","guid":{"rendered":"https:\/\/canaryo.net\/portal\/?p=18251"},"modified":"2020-03-28T21:43:19","modified_gmt":"2020-03-28T21:43:19","slug":"die-regierung-plant-drastischere-massnahmen","status":"publish","type":"post","link":"https:\/\/canaryo.net\/portal\/die-regierung-plant-drastischere-massnahmen\/","title":{"rendered":"!!!Pedro S\u00e1nchez will Ausgangssperre drastisch versch\u00e4rfen!!!"},"content":{"rendered":"\n<p>28.03.2020; Spanien &#8212; Derzeit plant die spanische Regierung bereits weitere Ma\u00dfnahmen zur Einschr\u00e4nkung der B\u00fcrger. Ob sie umgesetzt werden, ist noch unklar, denn die Regierung m\u00f6chte bis n\u00e4chste Woche abwarten inwieweit die bisherigen Ma\u00dfnahmen Wirkung zeigen. Spanien hat die strengste Isolation europaweit, dennoch ist die Zahl der infizierten weiter anhaltend gestiegen. Die Menschen die weiterhin ihrer Arbeit nachgegangen sind und dadurch auch innerfamili\u00e4re \u00dcbertr\u00e4ger des Coronavirus sind, scheint ein zu gro\u00dfer Faktor zu sein. Die wirtschaftlichen Auswirkungen f\u00fcr das Land w\u00e4ren verheerend, deshalb ist es wichtig, dass das derzeitige Dekret konsequent umgesetzt wird. <br><br><strong>NACHTRAG: Ver\u00f6ffentlichung des \u00f6ffentlichen Rundschreiben der Anwaltskanzlei Perez-Alonso (der nun folgende Text stammt nicht von uns und wurde unver\u00e4ndert und unkorrigiert \u00fcbernommen, Anm. d. Redaktion):<br><\/strong><br><\/p>\n\n\n<p><em>Der spanische Regierungspr\u00e4sident, Pedro S\u00e1nchez, hat gerade im Fernsehen (schon wieder) eine sehr wichtige Ank\u00fcndigung gemacht:<\/em><\/p>\n<div class=\"text_exposed_show\">\n<p><em>Die Covid19-Krise ist gerade in ihrem H\u00f6hepunkt. Die Verbote der Ausgangsperre sollen deswegen zwei Wochen lang versch\u00e4rft werden.\u00a0<br \/>Also: Alle Arbeiter, ausser diejenigen die bestimmten wichtigen Aufgaben haben, werden ab n\u00e4chsten Montag den 30.3 und bis zum 9. April 2020 zwangsbeurlaubt und m\u00fcssen zu Hause bleiben (der Pr\u00e4sident nennt das &#8220;permiso retribuido, aber freiwilig ist es nicht). Die L\u00f6hne sollen vom Arbeitgeber weiter bezahlt werden, aber diese nicht gearbeitete Zeit wird sp\u00e4ter nachgearbeitet werden m\u00fcssen. S\u00e1nchez sagt, bald kommt Ostern, eigentlich verliert man deshalb nicht so viele Arbeitstagen. Er weiss, es ist eine extrem harte Massnahme, h\u00e4lt sie aber f\u00fcr notwendig.<\/em><\/p>\n<p><em>S\u00e1nchez hat auch, mit einem bisher noch nie so harten Ton, an die EU apelliert: Spanien, hat er gesagt, war immer ein sehr pro-europ\u00e4isches Land. Und jetzt wird es ernst, jetzt brauchen wir Unterst\u00fctzung, sowohl um die Kranken zu heilen, als auch wirtschaftlicher Natur. Die Spanier erwarten die europ\u00e4ische Solidarit\u00e4t, auch mit einer gesamteurop\u00e4ischen Verschuldung. Er versteht nicht, wieso einige L\u00e4nder glauben, bei einer Krise die alle betreffen wird, dass jedes Land allein diesen Krieg gewinnen kann. Im kritischsten Moment von Europa seit seiner Gr\u00fcndung, muss die EU eine gemeinsame europ\u00e4ische Antwort haben, und ein wichtiger Teil davon soll die gemeinsame Wiederaufbau-Verschuldung und eine Art &#8220;Marshall-Plan&#8221; sein. Die Spanier brauchen jetzt einen &#8220;Beweis&#8221; der europ\u00e4ischen Solidarit\u00e4t.<\/em><\/p>\n<p><em>Der k\u00f6nigliche Erlass wird wahrscheinlich morgen im Staatsanzeiger ver\u00f6ffentlicht werden. Sobald er erscheit, werde ich Euch die Details erkl\u00e4ren. S\u00e1nchez hat einmal von einer &#8220;zweiw\u00f6chigen&#8221; Versch\u00e4rfung der Ausgangsperre gesprochen, und dann vom 30.3 bis zum 9.4&#8230;und von Feiertagen an denen sowieso keiner arbeitet&#8230; Das scheint etwas widerspr\u00fcchlich zu sein. Mal sehen was der Erlass konkret sagt&#8230; Momentan sage ich nur: Verdammt!!<br \/><br \/>Rechtsanwalt Perez-Alonso<br \/><a href=\"https:\/\/www.facebook.com\/kanzlei.perezalonso\" target=\"_blank\" rel=\"noopener noreferrer\">Quelle<\/a><\/em><\/p>\n<\/div>","protected":false},"excerpt":{"rendered":"<p>28.03.2020; Spanien &#8212; Derzeit plant die spanische Regierung bereits weitere Ma\u00dfnahmen zur Einschr\u00e4nkung der B\u00fcrger. Ob sie umgesetzt werden, ist noch unklar, denn die Regierung m\u00f6chte bis n\u00e4chste Woche abwarten inwieweit die bisherigen Ma\u00dfnahmen Wirkung zeigen. Spanien hat die strengste Isolation europaweit, dennoch ist die Zahl der infizierten weiter anhaltend gestiegen. Die Menschen die weiterhin [&hellip;]<\/p>\n","protected":false},"author":443,"featured_media":18268,"comment_status":"open","ping_status":"open","sticky":false,"template":"","format":"standard","meta":[],"categories":[439,446,442,440,444,3586,445,443,6,573,441],"tags":[6915,6917,476,1190,577,3360,576,6579],"_links":{"self":[{"href":"https:\/\/canaryo.net\/portal\/wp-json\/wp\/v2\/posts\/18251"}],"collection":[{"href":"https:\/\/canaryo.net\/portal\/wp-json\/wp\/v2\/posts"}],"about":[{"href":"https:\/\/canaryo.net\/portal\/wp-json\/wp\/v2\/types\/post"}],"author":[{"embeddable":true,"href":"https:\/\/canaryo.net\/portal\/wp-json\/wp\/v2\/users\/443"}],"replies":[{"embeddable":true,"href":"https:\/\/canaryo.net\/portal\/wp-json\/wp\/v2\/comments?post=18251"}],"version-history":[{"count":6,"href":"https:\/\/canaryo.net\/portal\/wp-json\/wp\/v2\/posts\/18251\/revisions"}],"predecessor-version":[{"id":18270,"href":"https:\/\/canaryo.net\/portal\/wp-json\/wp\/v2\/posts\/18251\/revisions\/18270"}],"wp:featuredmedia":[{"embeddable":true,"href":"https:\/\/canaryo.net\/portal\/wp-json\/wp\/v2\/media\/18268"}],"wp:attachment":[{"href":"https:\/\/canaryo.net\/portal\/wp-json\/wp\/v2\/media?parent=18251"}],"wp:term":[{"taxonomy":"category","embeddable":true,"href":"https:\/\/canaryo.net\/portal\/wp-json\/wp\/v2\/categories?post=18251"},{"taxonomy":"post_tag","embeddable":true,"href":"https:\/\/canaryo.net\/portal\/wp-json\/wp\/v2\/tags?post=18251"}],"curies":[{"name":"wp","href":"https:\/\/api.w.org\/{rel}","templated":true}]}}