{"id":19078,"date":"2020-05-15T14:32:22","date_gmt":"2020-05-15T14:32:22","guid":{"rendered":"https:\/\/canaryo.net\/portal\/?p=19078"},"modified":"2020-05-23T12:38:34","modified_gmt":"2020-05-23T12:38:34","slug":"marihuanaplantage-auf-gran-canaria-aufgeflogen","status":"publish","type":"post","link":"https:\/\/canaryo.net\/portal\/marihuanaplantage-auf-gran-canaria-aufgeflogen\/","title":{"rendered":"Marihuanaplantage auf Gran Canaria aufgeflogen"},"content":{"rendered":"\n<p>5.05.2020 Gran Canaria \u2013 Bei einer Verkehrskontrolle im Rahmen der Ausgangsbeschr\u00e4nkungen wurden zwei Autofahrer gefragt, wo sie hinfahren w\u00fcrden und sie gaben an Tiere f\u00fcttern zu wollen. Verdacht erregte die Kofferraumladung, denn statt Tierfutter zu transportieren, war im Kofferraum Torf und D\u00fcnger. Nach der Verfolgung mit einem Zivilfahrzeug entdeckten die Beamten eine Plantage mit 739 Marihuanapflanzen und Gl\u00e4ser mit der Ernte. Die beiden wurden festgenommen.<\/p>\n\n\n\n<p>Symbolbild<\/p>\n\n\n\n<figure class=\"wp-block-gallery columns-0 is-cropped\"><ul class=\"blocks-gallery-grid\"><\/ul><\/figure>\n","protected":false},"excerpt":{"rendered":"<p>5.05.2020 Gran Canaria \u2013 Bei einer Verkehrskontrolle im Rahmen der Ausgangsbeschr\u00e4nkungen wurden zwei Autofahrer gefragt, wo sie hinfahren w\u00fcrden und sie gaben an Tiere f\u00fcttern zu wollen. Verdacht erregte die Kofferraumladung, denn statt Tierfutter zu transportieren, war im Kofferraum Torf und D\u00fcnger. Nach der Verfolgung mit einem Zivilfahrzeug entdeckten die Beamten eine Plantage mit 739 [&hellip;]<\/p>\n","protected":false},"author":443,"featured_media":10910,"comment_status":"open","ping_status":"open","sticky":false,"template":"","format":"gallery","meta":[],"categories":[440,494,6],"tags":[8,619,635,3254],"_links":{"self":[{"href":"https:\/\/canaryo.net\/portal\/wp-json\/wp\/v2\/posts\/19078"}],"collection":[{"href":"https:\/\/canaryo.net\/portal\/wp-json\/wp\/v2\/posts"}],"about":[{"href":"https:\/\/canaryo.net\/portal\/wp-json\/wp\/v2\/types\/post"}],"author":[{"embeddable":true,"href":"https:\/\/canaryo.net\/portal\/wp-json\/wp\/v2\/users\/443"}],"replies":[{"embeddable":true,"href":"https:\/\/canaryo.net\/portal\/wp-json\/wp\/v2\/comments?post=19078"}],"version-history":[{"count":1,"href":"https:\/\/canaryo.net\/portal\/wp-json\/wp\/v2\/posts\/19078\/revisions"}],"predecessor-version":[{"id":19079,"href":"https:\/\/canaryo.net\/portal\/wp-json\/wp\/v2\/posts\/19078\/revisions\/19079"}],"wp:featuredmedia":[{"embeddable":true,"href":"https:\/\/canaryo.net\/portal\/wp-json\/wp\/v2\/media\/10910"}],"wp:attachment":[{"href":"https:\/\/canaryo.net\/portal\/wp-json\/wp\/v2\/media?parent=19078"}],"wp:term":[{"taxonomy":"category","embeddable":true,"href":"https:\/\/canaryo.net\/portal\/wp-json\/wp\/v2\/categories?post=19078"},{"taxonomy":"post_tag","embeddable":true,"href":"https:\/\/canaryo.net\/portal\/wp-json\/wp\/v2\/tags?post=19078"}],"curies":[{"name":"wp","href":"https:\/\/api.w.org\/{rel}","templated":true}]}}