{"id":19114,"date":"2020-05-19T16:47:32","date_gmt":"2020-05-19T16:47:32","guid":{"rendered":"https:\/\/canaryo.net\/portal\/?p=19114"},"modified":"2020-05-23T12:42:49","modified_gmt":"2020-05-23T12:42:49","slug":"dia-de-canarias-mal-ganz-anders","status":"publish","type":"post","link":"https:\/\/canaryo.net\/portal\/dia-de-canarias-mal-ganz-anders\/","title":{"rendered":"D\u00eda de Canarias mal ganz anders"},"content":{"rendered":"\n<p>19..05.2020; Kanaren \u2013 Am 30. Mai ist der 37. D\u00eda de Canarias, ein Feiertag mit hoher Wichtigkeit. Aufgrund der aktuellen Situation, wird er nur mit einer Rede vom Inselpr\u00e4sidenten \u00c1ngel V\u00edctor Torres zelebriert und die Rede wird aus dem Guimer\u00e1-Theater in Santa Cruz von Televisi\u00f3n Canaria \u00fcbertragen. Am selben Tag unterzeichnet Pedro S\u00e1nchez den Pakt des wirtschaftlichen und sozialen Wiederaufbaus der Kanaren und wird somit dazu beitragen diesem Tag ein weiteres Symbol zu geben.<\/p>\n\n\n\n<figure class=\"wp-block-gallery columns-0 is-cropped\"><ul class=\"blocks-gallery-grid\"><\/ul><\/figure>\n","protected":false},"excerpt":{"rendered":"<p>19..05.2020; Kanaren \u2013 Am 30. Mai ist der 37. D\u00eda de Canarias, ein Feiertag mit hoher Wichtigkeit. Aufgrund der aktuellen Situation, wird er nur mit einer Rede vom Inselpr\u00e4sidenten \u00c1ngel V\u00edctor Torres zelebriert und die Rede wird aus dem Guimer\u00e1-Theater in Santa Cruz von Televisi\u00f3n Canaria \u00fcbertragen. Am selben Tag unterzeichnet Pedro S\u00e1nchez den Pakt [&hellip;]<\/p>\n","protected":false},"author":443,"featured_media":9178,"comment_status":"open","ping_status":"open","sticky":false,"template":"","format":"gallery","meta":[],"categories":[446,442,1658,440,454,444,3586,445,443,6,441],"tags":[7145,3004,3006],"_links":{"self":[{"href":"https:\/\/canaryo.net\/portal\/wp-json\/wp\/v2\/posts\/19114"}],"collection":[{"href":"https:\/\/canaryo.net\/portal\/wp-json\/wp\/v2\/posts"}],"about":[{"href":"https:\/\/canaryo.net\/portal\/wp-json\/wp\/v2\/types\/post"}],"author":[{"embeddable":true,"href":"https:\/\/canaryo.net\/portal\/wp-json\/wp\/v2\/users\/443"}],"replies":[{"embeddable":true,"href":"https:\/\/canaryo.net\/portal\/wp-json\/wp\/v2\/comments?post=19114"}],"version-history":[{"count":2,"href":"https:\/\/canaryo.net\/portal\/wp-json\/wp\/v2\/posts\/19114\/revisions"}],"predecessor-version":[{"id":19116,"href":"https:\/\/canaryo.net\/portal\/wp-json\/wp\/v2\/posts\/19114\/revisions\/19116"}],"wp:featuredmedia":[{"embeddable":true,"href":"https:\/\/canaryo.net\/portal\/wp-json\/wp\/v2\/media\/9178"}],"wp:attachment":[{"href":"https:\/\/canaryo.net\/portal\/wp-json\/wp\/v2\/media?parent=19114"}],"wp:term":[{"taxonomy":"category","embeddable":true,"href":"https:\/\/canaryo.net\/portal\/wp-json\/wp\/v2\/categories?post=19114"},{"taxonomy":"post_tag","embeddable":true,"href":"https:\/\/canaryo.net\/portal\/wp-json\/wp\/v2\/tags?post=19114"}],"curies":[{"name":"wp","href":"https:\/\/api.w.org\/{rel}","templated":true}]}}