{"id":19117,"date":"2020-05-19T16:53:17","date_gmt":"2020-05-19T16:53:17","guid":{"rendered":"https:\/\/canaryo.net\/portal\/?p=19117"},"modified":"2020-05-23T12:42:55","modified_gmt":"2020-05-23T12:42:55","slug":"internationaler-flugverkehr-auf-weiteren-flughaefen-moeglich","status":"publish","type":"post","link":"https:\/\/canaryo.net\/portal\/internationaler-flugverkehr-auf-weiteren-flughaefen-moeglich\/","title":{"rendered":"Internationaler Flugverkehr auf weiteren Flugh\u00e4fen m\u00f6glich"},"content":{"rendered":"\n<p>19.05.2020; Kanaren \u2013 Seit Samstag befindet sich der Flughafen im S\u00fcden von Teneriffa, auch auf der Liste von Flugh\u00e4fen, die international angeflogen werden k\u00f6nnen. Seit gestern sind dann Weitere dazu gekommen wie Sevilla, Menorca, Ibiza, Lanzarote, Fuerteventura, Alicante-Elche und Valencia. Diese sollen in Notsituationen ad\u00e4quat ausgestattet sein.<\/p>\n\n\n\n<p>Symbolbild<\/p>\n\n\n\n<figure class=\"wp-block-gallery columns-0 is-cropped\"><ul class=\"blocks-gallery-grid\"><\/ul><\/figure>\n","protected":false},"excerpt":{"rendered":"<p>19.05.2020; Kanaren \u2013 Seit Samstag befindet sich der Flughafen im S\u00fcden von Teneriffa, auch auf der Liste von Flugh\u00e4fen, die international angeflogen werden k\u00f6nnen. Seit gestern sind dann Weitere dazu gekommen wie Sevilla, Menorca, Ibiza, Lanzarote, Fuerteventura, Alicante-Elche und Valencia. Diese sollen in Notsituationen ad\u00e4quat ausgestattet sein. Symbolbild<\/p>\n","protected":false},"author":443,"featured_media":6578,"comment_status":"open","ping_status":"open","sticky":false,"template":"","format":"gallery","meta":[],"categories":[439,442,443,449,6,441],"tags":[473,7146],"_links":{"self":[{"href":"https:\/\/canaryo.net\/portal\/wp-json\/wp\/v2\/posts\/19117"}],"collection":[{"href":"https:\/\/canaryo.net\/portal\/wp-json\/wp\/v2\/posts"}],"about":[{"href":"https:\/\/canaryo.net\/portal\/wp-json\/wp\/v2\/types\/post"}],"author":[{"embeddable":true,"href":"https:\/\/canaryo.net\/portal\/wp-json\/wp\/v2\/users\/443"}],"replies":[{"embeddable":true,"href":"https:\/\/canaryo.net\/portal\/wp-json\/wp\/v2\/comments?post=19117"}],"version-history":[{"count":1,"href":"https:\/\/canaryo.net\/portal\/wp-json\/wp\/v2\/posts\/19117\/revisions"}],"predecessor-version":[{"id":19118,"href":"https:\/\/canaryo.net\/portal\/wp-json\/wp\/v2\/posts\/19117\/revisions\/19118"}],"wp:featuredmedia":[{"embeddable":true,"href":"https:\/\/canaryo.net\/portal\/wp-json\/wp\/v2\/media\/6578"}],"wp:attachment":[{"href":"https:\/\/canaryo.net\/portal\/wp-json\/wp\/v2\/media?parent=19117"}],"wp:term":[{"taxonomy":"category","embeddable":true,"href":"https:\/\/canaryo.net\/portal\/wp-json\/wp\/v2\/categories?post=19117"},{"taxonomy":"post_tag","embeddable":true,"href":"https:\/\/canaryo.net\/portal\/wp-json\/wp\/v2\/tags?post=19117"}],"curies":[{"name":"wp","href":"https:\/\/api.w.org\/{rel}","templated":true}]}}