{"id":19164,"date":"2020-05-21T18:55:15","date_gmt":"2020-05-21T18:55:15","guid":{"rendered":"https:\/\/canaryo.net\/portal\/?p=19164"},"modified":"2020-06-01T15:45:19","modified_gmt":"2020-06-01T15:45:19","slug":"pilotversuch-mit-deutschen-touristen","status":"publish","type":"post","link":"https:\/\/canaryo.net\/portal\/pilotversuch-mit-deutschen-touristen\/","title":{"rendered":"Pilotversuch mit deutschen Touristen"},"content":{"rendered":"\n<p>21.05.2020; Kanaren \u2013 Die Kanaren sowie die Balearen wollen Ende Juni einen Versuch mit deutschen Touristen starten. F\u00fcr beide Archipele sind die Touristen eine immens wichtige Einkommensquelle, ohne die sie nicht wirklich \u00fcberleben k\u00f6nnen. Deshalb sollen probeweise, die ersten deutschen Touristen, unter bestimmten Voraussetzungen auf die Inseln fliegen. Vor Abflug muss sehr Reisende einen Test machen und nachweisen, dass er Covid-19 frei ist. Des Weiteren soll er auf seinem Handy eine App installieren, die sich digitaler Gesundheitspass nennt, damit wird das Gesundheitsamt dann mit allen n\u00f6tigen Informationen versorgt. Welche das sein sollen, ist noch nicht ganz klar.<\/p>\n\n\n\n<p>Bildquelle: El Periodico de Canarias<\/p>\n\n\n\n<figure class=\"wp-block-gallery columns-0 is-cropped\"><ul class=\"blocks-gallery-grid\"><\/ul><\/figure>\n","protected":false},"excerpt":{"rendered":"<p>21.05.2020; Kanaren \u2013 Die Kanaren sowie die Balearen wollen Ende Juni einen Versuch mit deutschen Touristen starten. F\u00fcr beide Archipele sind die Touristen eine immens wichtige Einkommensquelle, ohne die sie nicht wirklich \u00fcberleben k\u00f6nnen. Deshalb sollen probeweise, die ersten deutschen Touristen, unter bestimmten Voraussetzungen auf die Inseln fliegen. Vor Abflug muss sehr Reisende einen Test [&hellip;]<\/p>\n","protected":false},"author":443,"featured_media":19165,"comment_status":"open","ping_status":"open","sticky":false,"template":"","format":"gallery","meta":[],"categories":[446,442,440,444,3586,445,443,6,441,451],"tags":[1309,476,5883,471],"_links":{"self":[{"href":"https:\/\/canaryo.net\/portal\/wp-json\/wp\/v2\/posts\/19164"}],"collection":[{"href":"https:\/\/canaryo.net\/portal\/wp-json\/wp\/v2\/posts"}],"about":[{"href":"https:\/\/canaryo.net\/portal\/wp-json\/wp\/v2\/types\/post"}],"author":[{"embeddable":true,"href":"https:\/\/canaryo.net\/portal\/wp-json\/wp\/v2\/users\/443"}],"replies":[{"embeddable":true,"href":"https:\/\/canaryo.net\/portal\/wp-json\/wp\/v2\/comments?post=19164"}],"version-history":[{"count":1,"href":"https:\/\/canaryo.net\/portal\/wp-json\/wp\/v2\/posts\/19164\/revisions"}],"predecessor-version":[{"id":19166,"href":"https:\/\/canaryo.net\/portal\/wp-json\/wp\/v2\/posts\/19164\/revisions\/19166"}],"wp:featuredmedia":[{"embeddable":true,"href":"https:\/\/canaryo.net\/portal\/wp-json\/wp\/v2\/media\/19165"}],"wp:attachment":[{"href":"https:\/\/canaryo.net\/portal\/wp-json\/wp\/v2\/media?parent=19164"}],"wp:term":[{"taxonomy":"category","embeddable":true,"href":"https:\/\/canaryo.net\/portal\/wp-json\/wp\/v2\/categories?post=19164"},{"taxonomy":"post_tag","embeddable":true,"href":"https:\/\/canaryo.net\/portal\/wp-json\/wp\/v2\/tags?post=19164"}],"curies":[{"name":"wp","href":"https:\/\/api.w.org\/{rel}","templated":true}]}}