{"id":19195,"date":"2020-05-22T13:42:51","date_gmt":"2020-05-22T13:42:51","guid":{"rendered":"https:\/\/canaryo.net\/portal\/?p=19195"},"modified":"2020-06-01T17:13:28","modified_gmt":"2020-06-01T17:13:28","slug":"ist-eine-fehlende-maske-in-der-oeffentlichkeit-strafbar-oder-nicht","status":"publish","type":"post","link":"https:\/\/canaryo.net\/portal\/ist-eine-fehlende-maske-in-der-oeffentlichkeit-strafbar-oder-nicht\/","title":{"rendered":"Ist eine fehlende Maske in der \u00d6ffentlichkeit strafbar oder nicht?"},"content":{"rendered":"\n<p>22.05.2020; Spanien \u2013 Seit gestern ist das tragen der Maske in der \u00d6ffentlichkeit Pflicht und kann zu Bu\u00dfgeldern ab 600 Euro und mehr f\u00fchren. Das BOE ist aber so ungenau geschrieben, das Rechtsanw\u00e4lte bereits sagen, das die Sanktionierung f\u00fcr das Fehlen einer Maske fast nicht m\u00f6glich ist. Denn Aktivit\u00e4ten die nicht kompatibel mit einer Maske sind, sind von der Pflicht befreit, welche das genau sind ist nicht festgehalten. Des Weiteren ist ein Grund f\u00fcrs nicht tragen \u201eh\u00f6here Gewalt\u201c wo der Interpretationsspielraum sehr weit gef\u00e4chert ist, wie zum Beispiel sie ist kaputt gegangen. Grunds\u00e4tzlich ist die Interpretation dann wohl den Beamten \u00fcberlassen.<\/p>\n\n\n\n<p>Bildquelle: El Confidental<\/p>\n\n\n\n<figure class=\"wp-block-gallery columns-0 is-cropped\"><ul class=\"blocks-gallery-grid\"><\/ul><\/figure>\n","protected":false},"excerpt":{"rendered":"<p>22.05.2020; Spanien \u2013 Seit gestern ist das tragen der Maske in der \u00d6ffentlichkeit Pflicht und kann zu Bu\u00dfgeldern ab 600 Euro und mehr f\u00fchren. Das BOE ist aber so ungenau geschrieben, das Rechtsanw\u00e4lte bereits sagen, das die Sanktionierung f\u00fcr das Fehlen einer Maske fast nicht m\u00f6glich ist. Denn Aktivit\u00e4ten die nicht kompatibel mit einer Maske [&hellip;]<\/p>\n","protected":false},"author":443,"featured_media":19199,"comment_status":"open","ping_status":"open","sticky":false,"template":"","format":"gallery","meta":[],"categories":[439,446,442,440,494,444,3586,445,443,6,441],"tags":[6933,1035,476,7150,7151],"_links":{"self":[{"href":"https:\/\/canaryo.net\/portal\/wp-json\/wp\/v2\/posts\/19195"}],"collection":[{"href":"https:\/\/canaryo.net\/portal\/wp-json\/wp\/v2\/posts"}],"about":[{"href":"https:\/\/canaryo.net\/portal\/wp-json\/wp\/v2\/types\/post"}],"author":[{"embeddable":true,"href":"https:\/\/canaryo.net\/portal\/wp-json\/wp\/v2\/users\/443"}],"replies":[{"embeddable":true,"href":"https:\/\/canaryo.net\/portal\/wp-json\/wp\/v2\/comments?post=19195"}],"version-history":[{"count":2,"href":"https:\/\/canaryo.net\/portal\/wp-json\/wp\/v2\/posts\/19195\/revisions"}],"predecessor-version":[{"id":19210,"href":"https:\/\/canaryo.net\/portal\/wp-json\/wp\/v2\/posts\/19195\/revisions\/19210"}],"wp:featuredmedia":[{"embeddable":true,"href":"https:\/\/canaryo.net\/portal\/wp-json\/wp\/v2\/media\/19199"}],"wp:attachment":[{"href":"https:\/\/canaryo.net\/portal\/wp-json\/wp\/v2\/media?parent=19195"}],"wp:term":[{"taxonomy":"category","embeddable":true,"href":"https:\/\/canaryo.net\/portal\/wp-json\/wp\/v2\/categories?post=19195"},{"taxonomy":"post_tag","embeddable":true,"href":"https:\/\/canaryo.net\/portal\/wp-json\/wp\/v2\/tags?post=19195"}],"curies":[{"name":"wp","href":"https:\/\/api.w.org\/{rel}","templated":true}]}}