{"id":19244,"date":"2020-05-24T11:30:04","date_gmt":"2020-05-24T11:30:04","guid":{"rendered":"https:\/\/canaryo.net\/portal\/?p=19244"},"modified":"2020-06-01T16:07:31","modified_gmt":"2020-06-01T16:07:31","slug":"illegaler-positiv-auf-covid-19-getestet","status":"publish","type":"post","link":"https:\/\/canaryo.net\/portal\/illegaler-positiv-auf-covid-19-getestet\/","title":{"rendered":"Illegaler Einwanderer positiv auf Covid-19 getestet"},"content":{"rendered":"\n<p>24.05.2020; Gran Canaria \u2013 Am 17. Mai traf ein weiteres Boot mit 27 Fl\u00fcchtlingen ein. Alle wurden bei ihrer Ankunft auf Covid-19 getestet, da einer von ihnen Fieber hatte. Der Test viel&nbsp;negativ aus, doch es wurde zur Sicherheit ein paar Tage sp\u00e4ter ein weiterer Test gemacht und dieser viel jetzt positiv aus. Der Mann wurde isoliert und s\u00e4mtliche Desinfektion- und Hygienemechanismen wurden aktiviert. Ebenso wurden alle, Pr\u00e4ventions- und \u00dcberwachungsmechanismen aktiviert, um m\u00f6gliche Infektionen zu vermeiden.<\/p>\n\n\n\n<p>Bildquelle: La Provincia<\/p>\n\n\n\n<figure class=\"wp-block-gallery columns-0 is-cropped\"><ul class=\"blocks-gallery-grid\"><\/ul><\/figure>\n","protected":false},"excerpt":{"rendered":"<p>24.05.2020; Gran Canaria \u2013 Am 17. Mai traf ein weiteres Boot mit 27 Fl\u00fcchtlingen ein. Alle wurden bei ihrer Ankunft auf Covid-19 getestet, da einer von ihnen Fieber hatte. Der Test viel&nbsp;negativ aus, doch es wurde zur Sicherheit ein paar Tage sp\u00e4ter ein weiterer Test gemacht und dieser viel jetzt positiv aus. Der Mann wurde [&hellip;]<\/p>\n","protected":false},"author":443,"featured_media":19245,"comment_status":"open","ping_status":"open","sticky":false,"template":"","format":"gallery","meta":[],"categories":[861,440,6],"tags":[6943,5282,1262,8,15,7178],"_links":{"self":[{"href":"https:\/\/canaryo.net\/portal\/wp-json\/wp\/v2\/posts\/19244"}],"collection":[{"href":"https:\/\/canaryo.net\/portal\/wp-json\/wp\/v2\/posts"}],"about":[{"href":"https:\/\/canaryo.net\/portal\/wp-json\/wp\/v2\/types\/post"}],"author":[{"embeddable":true,"href":"https:\/\/canaryo.net\/portal\/wp-json\/wp\/v2\/users\/443"}],"replies":[{"embeddable":true,"href":"https:\/\/canaryo.net\/portal\/wp-json\/wp\/v2\/comments?post=19244"}],"version-history":[{"count":3,"href":"https:\/\/canaryo.net\/portal\/wp-json\/wp\/v2\/posts\/19244\/revisions"}],"predecessor-version":[{"id":19264,"href":"https:\/\/canaryo.net\/portal\/wp-json\/wp\/v2\/posts\/19244\/revisions\/19264"}],"wp:featuredmedia":[{"embeddable":true,"href":"https:\/\/canaryo.net\/portal\/wp-json\/wp\/v2\/media\/19245"}],"wp:attachment":[{"href":"https:\/\/canaryo.net\/portal\/wp-json\/wp\/v2\/media?parent=19244"}],"wp:term":[{"taxonomy":"category","embeddable":true,"href":"https:\/\/canaryo.net\/portal\/wp-json\/wp\/v2\/categories?post=19244"},{"taxonomy":"post_tag","embeddable":true,"href":"https:\/\/canaryo.net\/portal\/wp-json\/wp\/v2\/tags?post=19244"}],"curies":[{"name":"wp","href":"https:\/\/api.w.org\/{rel}","templated":true}]}}