{"id":19293,"date":"2020-05-25T20:00:17","date_gmt":"2020-05-25T20:00:17","guid":{"rendered":"https:\/\/canaryo.net\/portal\/?p=19293"},"modified":"2020-06-01T17:16:39","modified_gmt":"2020-06-01T17:16:39","slug":"waldbrand-in-icod-de-los-vinos","status":"publish","type":"post","link":"https:\/\/canaryo.net\/portal\/waldbrand-in-icod-de-los-vinos\/","title":{"rendered":"Waldbrand in Icod de Los Vinos"},"content":{"rendered":"\n<p>25.05.2020; Teneriffa \u2013 Gestern, so gegen vier Uhr nachmittags, gab es einen Waldbrand in Llanito de Perera. Das Feuer breitete sich auf 1.500 qm aus und war um 17.30 wieder unter Kontrolle. Derzeit befinden sich die Kanaren in der Hochsaison f\u00fcr Waldbr\u00e4nde aufgrund der hohen Temperaturen, der fehlenden Feuchtigkeit und der Richtung des Windes dessen St\u00e4rke.<\/p>\n\n\n\n<p>Bildquelle: Diario de Avisos<\/p>\n\n\n\n<figure class=\"wp-block-gallery columns-0 is-cropped\"><ul class=\"blocks-gallery-grid\"><\/ul><\/figure>\n","protected":false},"excerpt":{"rendered":"<p>25.05.2020; Teneriffa \u2013 Gestern, so gegen vier Uhr nachmittags, gab es einen Waldbrand in Llanito de Perera. Das Feuer breitete sich auf 1.500 qm aus und war um 17.30 wieder unter Kontrolle. Derzeit befinden sich die Kanaren in der Hochsaison f\u00fcr Waldbr\u00e4nde aufgrund der hohen Temperaturen, der fehlenden Feuchtigkeit und der Richtung des Windes dessen [&hellip;]<\/p>\n","protected":false},"author":443,"featured_media":19294,"comment_status":"open","ping_status":"open","sticky":false,"template":"","format":"gallery","meta":[],"categories":[6,441,461],"tags":[1675,9,1843],"_links":{"self":[{"href":"https:\/\/canaryo.net\/portal\/wp-json\/wp\/v2\/posts\/19293"}],"collection":[{"href":"https:\/\/canaryo.net\/portal\/wp-json\/wp\/v2\/posts"}],"about":[{"href":"https:\/\/canaryo.net\/portal\/wp-json\/wp\/v2\/types\/post"}],"author":[{"embeddable":true,"href":"https:\/\/canaryo.net\/portal\/wp-json\/wp\/v2\/users\/443"}],"replies":[{"embeddable":true,"href":"https:\/\/canaryo.net\/portal\/wp-json\/wp\/v2\/comments?post=19293"}],"version-history":[{"count":1,"href":"https:\/\/canaryo.net\/portal\/wp-json\/wp\/v2\/posts\/19293\/revisions"}],"predecessor-version":[{"id":19295,"href":"https:\/\/canaryo.net\/portal\/wp-json\/wp\/v2\/posts\/19293\/revisions\/19295"}],"wp:featuredmedia":[{"embeddable":true,"href":"https:\/\/canaryo.net\/portal\/wp-json\/wp\/v2\/media\/19294"}],"wp:attachment":[{"href":"https:\/\/canaryo.net\/portal\/wp-json\/wp\/v2\/media?parent=19293"}],"wp:term":[{"taxonomy":"category","embeddable":true,"href":"https:\/\/canaryo.net\/portal\/wp-json\/wp\/v2\/categories?post=19293"},{"taxonomy":"post_tag","embeddable":true,"href":"https:\/\/canaryo.net\/portal\/wp-json\/wp\/v2\/tags?post=19293"}],"curies":[{"name":"wp","href":"https:\/\/api.w.org\/{rel}","templated":true}]}}