{"id":19296,"date":"2020-05-25T20:03:09","date_gmt":"2020-05-25T20:03:09","guid":{"rendered":"https:\/\/canaryo.net\/portal\/?p=19296"},"modified":"2020-06-01T17:16:05","modified_gmt":"2020-06-01T17:16:05","slug":"der-waldbrand-in-lagunetas-ist-unter-kontrolle","status":"publish","type":"post","link":"https:\/\/canaryo.net\/portal\/der-waldbrand-in-lagunetas-ist-unter-kontrolle\/","title":{"rendered":"Waldbrand in Lagunetas ist unter Kontrolle"},"content":{"rendered":"\n<p>25.05.2020; Gran Canaria \u2013 Die Feuerwehr hat es geschafft den Waldbrand in Las Lagunetas einzud\u00e4mmen und es betrifft bisher nur einen Hektar Land. Die Bef\u00fcrchtungen, das sich das Feuer nach Arucas und Teror ausbreiten w\u00fcrde, erwiesen sich als Fehlalarm.<\/p>\n\n\n\n<p>Bildquelle: El Diario<\/p>\n\n\n\n<figure class=\"wp-block-gallery columns-0 is-cropped\"><ul class=\"blocks-gallery-grid\"><\/ul><\/figure>\n","protected":false},"excerpt":{"rendered":"<p>25.05.2020; Gran Canaria \u2013 Die Feuerwehr hat es geschafft den Waldbrand in Las Lagunetas einzud\u00e4mmen und es betrifft bisher nur einen Hektar Land. Die Bef\u00fcrchtungen, das sich das Feuer nach Arucas und Teror ausbreiten w\u00fcrde, erwiesen sich als Fehlalarm. Bildquelle: El Diario<\/p>\n","protected":false},"author":443,"featured_media":19297,"comment_status":"open","ping_status":"open","sticky":false,"template":"","format":"gallery","meta":[],"categories":[440,6,461],"tags":[8,1472,1843],"_links":{"self":[{"href":"https:\/\/canaryo.net\/portal\/wp-json\/wp\/v2\/posts\/19296"}],"collection":[{"href":"https:\/\/canaryo.net\/portal\/wp-json\/wp\/v2\/posts"}],"about":[{"href":"https:\/\/canaryo.net\/portal\/wp-json\/wp\/v2\/types\/post"}],"author":[{"embeddable":true,"href":"https:\/\/canaryo.net\/portal\/wp-json\/wp\/v2\/users\/443"}],"replies":[{"embeddable":true,"href":"https:\/\/canaryo.net\/portal\/wp-json\/wp\/v2\/comments?post=19296"}],"version-history":[{"count":2,"href":"https:\/\/canaryo.net\/portal\/wp-json\/wp\/v2\/posts\/19296\/revisions"}],"predecessor-version":[{"id":19302,"href":"https:\/\/canaryo.net\/portal\/wp-json\/wp\/v2\/posts\/19296\/revisions\/19302"}],"wp:featuredmedia":[{"embeddable":true,"href":"https:\/\/canaryo.net\/portal\/wp-json\/wp\/v2\/media\/19297"}],"wp:attachment":[{"href":"https:\/\/canaryo.net\/portal\/wp-json\/wp\/v2\/media?parent=19296"}],"wp:term":[{"taxonomy":"category","embeddable":true,"href":"https:\/\/canaryo.net\/portal\/wp-json\/wp\/v2\/categories?post=19296"},{"taxonomy":"post_tag","embeddable":true,"href":"https:\/\/canaryo.net\/portal\/wp-json\/wp\/v2\/tags?post=19296"}],"curies":[{"name":"wp","href":"https:\/\/api.w.org\/{rel}","templated":true}]}}