{"id":19420,"date":"2020-05-29T14:43:04","date_gmt":"2020-05-29T14:43:04","guid":{"rendered":"https:\/\/canaryo.net\/portal\/?p=19420"},"modified":"2020-06-15T16:26:17","modified_gmt":"2020-06-15T16:26:17","slug":"was-aendert-sich-in-phase-3","status":"publish","type":"post","link":"https:\/\/canaryo.net\/portal\/was-aendert-sich-in-phase-3\/","title":{"rendered":"Was \u00e4ndert sich in Phase 3?"},"content":{"rendered":"\n<p>29.05.2020; Kanaren \u2013 Die Inseln La Gomera, La Graciosa, El Hierro und Formentera werden voraussichtlich am 1. Juni in die dritte Phase \u00fcbergehen. Zwar sind die Reisen zwischen den Provinzen dann immer noch eingeschr\u00e4nkt, doch die Hygieneregeln lockern sich weiter. Folgende wichtige \u00c4nderungen gibt es:<\/p>\n\n\n\n<ul><li>Wiederaufnahme von Arbeitst\u00e4tigkeiten mit gestaffelten Arbeitszeiten<\/li><li>Treffen von bis zu 15 Personen<\/li><li>Hochzeiten f\u00fcr gr\u00f6\u00dfere Anzahl von Personen<\/li><li>\u00dcberarbeitung der Regeln in Pflegeheimen und Etablierung von Schutzma\u00dfnahmen f\u00fcr Risikogruppen<\/li><li>Seminare, Konferenzen, Workshops und Messen im Wissenschaftsbereich, Kulturauff\u00fchrungen und Themenparks mit zu bis 80 Personen<\/li><li>Erh\u00f6hung der Auslastung auf 50 % f\u00fcr: Restaurants, Caf\u00e9s (Barabstand 1,5 m), Hotels(Gemeinschaftsbereiche nutzbar), M\u00e4rkte, Einkaufszentren (Gemeinschaftsbereiche nutzbar), Freizeit- und Erholungsbereiche (diejenigen die vorher bei 1\/3 Auslastung waren)<\/li><li>\u00d6ffnung mit 1\/3 der Auslastung f\u00fcr: Discos und Nachtlokale, Musik- und Kunstauff\u00fchrungen, Spiele (Sport)<\/li><li>Aktiv- und Naturtourismus, ohne Einschr\u00e4nkungen<\/li><\/ul>\n\n\n\n<p><strong>Alles immer vorausgesetzt das die soziale Distanz eingehalten wird!!!<\/strong><\/p>\n\n\n<p><a href=\"https:\/\/www.boe.es\/diario_boe\/txt.php?id=BOE-A-2020-5469&amp;fbclid=IwAR1LADqjbv9ABLy2aQPP--NJK8r1ydQake0Nyn16f-EiD9jhskIpOfVMCFo\" target=\"_blank\" rel=\"noopener noreferrer\">Link zu aktuellen BOE-Dekret f\u00fcr Phase 3, mit allen Regeln.<\/a><br \/><br \/><\/p>\n\n\n<p>Bildquelle: Canarias 7<\/p>\n\n\n\n<figure class=\"wp-block-gallery columns-0 is-cropped\"><ul class=\"blocks-gallery-grid\"><\/ul><\/figure>\n","protected":false},"excerpt":{"rendered":"<p>29.05.2020; Kanaren \u2013 Die Inseln La Gomera, La Graciosa, El Hierro und Formentera werden voraussichtlich am 1. Juni in die dritte Phase \u00fcbergehen. Zwar sind die Reisen zwischen den Provinzen dann immer noch eingeschr\u00e4nkt, doch die Hygieneregeln lockern sich weiter. Folgende wichtige \u00c4nderungen gibt es: Wiederaufnahme von Arbeitst\u00e4tigkeiten mit gestaffelten Arbeitszeiten Treffen von bis zu [&hellip;]<\/p>\n","protected":false},"author":443,"featured_media":19421,"comment_status":"open","ping_status":"open","sticky":false,"template":"","format":"gallery","meta":[],"categories":[446,1658,444,3586,6,573,640],"tags":[7078,14,476,13,2740,7192],"_links":{"self":[{"href":"https:\/\/canaryo.net\/portal\/wp-json\/wp\/v2\/posts\/19420"}],"collection":[{"href":"https:\/\/canaryo.net\/portal\/wp-json\/wp\/v2\/posts"}],"about":[{"href":"https:\/\/canaryo.net\/portal\/wp-json\/wp\/v2\/types\/post"}],"author":[{"embeddable":true,"href":"https:\/\/canaryo.net\/portal\/wp-json\/wp\/v2\/users\/443"}],"replies":[{"embeddable":true,"href":"https:\/\/canaryo.net\/portal\/wp-json\/wp\/v2\/comments?post=19420"}],"version-history":[{"count":3,"href":"https:\/\/canaryo.net\/portal\/wp-json\/wp\/v2\/posts\/19420\/revisions"}],"predecessor-version":[{"id":19448,"href":"https:\/\/canaryo.net\/portal\/wp-json\/wp\/v2\/posts\/19420\/revisions\/19448"}],"wp:featuredmedia":[{"embeddable":true,"href":"https:\/\/canaryo.net\/portal\/wp-json\/wp\/v2\/media\/19421"}],"wp:attachment":[{"href":"https:\/\/canaryo.net\/portal\/wp-json\/wp\/v2\/media?parent=19420"}],"wp:term":[{"taxonomy":"category","embeddable":true,"href":"https:\/\/canaryo.net\/portal\/wp-json\/wp\/v2\/categories?post=19420"},{"taxonomy":"post_tag","embeddable":true,"href":"https:\/\/canaryo.net\/portal\/wp-json\/wp\/v2\/tags?post=19420"}],"curies":[{"name":"wp","href":"https:\/\/api.w.org\/{rel}","templated":true}]}}