{"id":20006,"date":"2020-07-03T14:24:43","date_gmt":"2020-07-03T14:24:43","guid":{"rendered":"https:\/\/canaryo.net\/portal\/?p=20006"},"modified":"2020-07-19T21:49:16","modified_gmt":"2020-07-19T21:49:16","slug":"verhaftet-fuer-den-waldbrand-in-san-mateo","status":"publish","type":"post","link":"https:\/\/canaryo.net\/portal\/verhaftet-fuer-den-waldbrand-in-san-mateo\/","title":{"rendered":"Verhaftungen wegen Waldbrand in San Mateo 2019"},"content":{"rendered":"\n<p>03.07.2020; Gran Canaria \u2013 Die Guardia Civil hat einen Mann und eine Frau im Alter von 46 Jahren f\u00fcr den Waldbrand in der N\u00e4he von Las Lagunetas am 24. Mai festgenommen. Beide wohnhaft in Las Palmas und ohne polizeiliche Eintr\u00e4ge, verursachten den Brand aus Fahrl\u00e4ssigkeit. 8.008 Quadratkilometer wurden im Naturschutzgebiet Las Cumbres bei dem Feuer zerst\u00f6rt. Das Verursachen von Waldbr\u00e4nden wird mit Freiheitsstrafen von ein bis f\u00fcnf Jahren sowie einer Geldstrafe von 12 bis 18 Monatsgeh\u00e4ltern bestraft. Zudem gibt es zivilrechtliche Verpflichtungen der T\u00e4ter bez\u00fcglich jedweden Schadens.<\/p>\n\n\n\n<p>Bildquelle: Tiempo de Canarias<\/p>\n\n\n\n<figure class=\"wp-block-gallery columns-0 is-cropped\"><ul class=\"blocks-gallery-grid\"><\/ul><\/figure>\n","protected":false},"excerpt":{"rendered":"<p>03.07.2020; Gran Canaria \u2013 Die Guardia Civil hat einen Mann und eine Frau im Alter von 46 Jahren f\u00fcr den Waldbrand in der N\u00e4he von Las Lagunetas am 24. Mai festgenommen. Beide wohnhaft in Las Palmas und ohne polizeiliche Eintr\u00e4ge, verursachten den Brand aus Fahrl\u00e4ssigkeit. 8.008 Quadratkilometer wurden im Naturschutzgebiet Las Cumbres bei dem Feuer [&hellip;]<\/p>\n","protected":false},"author":443,"featured_media":20007,"comment_status":"open","ping_status":"open","sticky":false,"template":"","format":"gallery","meta":[],"categories":[440,494,6,461],"tags":[8,1472,1043,1346,1843],"_links":{"self":[{"href":"https:\/\/canaryo.net\/portal\/wp-json\/wp\/v2\/posts\/20006"}],"collection":[{"href":"https:\/\/canaryo.net\/portal\/wp-json\/wp\/v2\/posts"}],"about":[{"href":"https:\/\/canaryo.net\/portal\/wp-json\/wp\/v2\/types\/post"}],"author":[{"embeddable":true,"href":"https:\/\/canaryo.net\/portal\/wp-json\/wp\/v2\/users\/443"}],"replies":[{"embeddable":true,"href":"https:\/\/canaryo.net\/portal\/wp-json\/wp\/v2\/comments?post=20006"}],"version-history":[{"count":2,"href":"https:\/\/canaryo.net\/portal\/wp-json\/wp\/v2\/posts\/20006\/revisions"}],"predecessor-version":[{"id":20009,"href":"https:\/\/canaryo.net\/portal\/wp-json\/wp\/v2\/posts\/20006\/revisions\/20009"}],"wp:featuredmedia":[{"embeddable":true,"href":"https:\/\/canaryo.net\/portal\/wp-json\/wp\/v2\/media\/20007"}],"wp:attachment":[{"href":"https:\/\/canaryo.net\/portal\/wp-json\/wp\/v2\/media?parent=20006"}],"wp:term":[{"taxonomy":"category","embeddable":true,"href":"https:\/\/canaryo.net\/portal\/wp-json\/wp\/v2\/categories?post=20006"},{"taxonomy":"post_tag","embeddable":true,"href":"https:\/\/canaryo.net\/portal\/wp-json\/wp\/v2\/tags?post=20006"}],"curies":[{"name":"wp","href":"https:\/\/api.w.org\/{rel}","templated":true}]}}