{"id":20037,"date":"2020-07-07T16:04:42","date_gmt":"2020-07-07T16:04:42","guid":{"rendered":"https:\/\/canaryo.net\/portal\/?p=20037"},"modified":"2020-07-19T21:54:30","modified_gmt":"2020-07-19T21:54:30","slug":"terrassentisch-dieb-festgenommen","status":"publish","type":"post","link":"https:\/\/canaryo.net\/portal\/terrassentisch-dieb-festgenommen\/","title":{"rendered":"Terrassentisch-Dieb festgenommen"},"content":{"rendered":"\n<p>07.07.2020; Gran Canaria \u2013 Die Policia Nacional hat einen 62-j\u00e4hrigen Mann ohne Vorstrafen als mutma\u00dflichen Dieb der sechs Terrassentische festgenommen. Die Tische im Wert von 7. 500 Euro wurden von der Terrasse eines Restaurants in Playa del Ingl\u00e9s, bereits im Februar gestohlen. Die Untersuchung f\u00fchrte zur Identifizierung des mutma\u00dflichen T\u00e4ters, der in San Bartolom\u00e9 de Tirajana ausfindig gemacht und verhaftet wurde.<\/p>\n\n\n\n<p>Bildquelle: La Provincia<\/p>\n\n\n\n<figure class=\"wp-block-gallery columns-0 is-cropped\"><ul class=\"blocks-gallery-grid\"><\/ul><\/figure>\n","protected":false},"excerpt":{"rendered":"<p>07.07.2020; Gran Canaria \u2013 Die Policia Nacional hat einen 62-j\u00e4hrigen Mann ohne Vorstrafen als mutma\u00dflichen Dieb der sechs Terrassentische festgenommen. Die Tische im Wert von 7. 500 Euro wurden von der Terrasse eines Restaurants in Playa del Ingl\u00e9s, bereits im Februar gestohlen. Die Untersuchung f\u00fchrte zur Identifizierung des mutma\u00dflichen T\u00e4ters, der in San Bartolom\u00e9 de [&hellip;]<\/p>\n","protected":false},"author":443,"featured_media":20038,"comment_status":"open","ping_status":"open","sticky":false,"template":"","format":"gallery","meta":[],"categories":[440,494,6],"tags":[792,8,959,7384],"_links":{"self":[{"href":"https:\/\/canaryo.net\/portal\/wp-json\/wp\/v2\/posts\/20037"}],"collection":[{"href":"https:\/\/canaryo.net\/portal\/wp-json\/wp\/v2\/posts"}],"about":[{"href":"https:\/\/canaryo.net\/portal\/wp-json\/wp\/v2\/types\/post"}],"author":[{"embeddable":true,"href":"https:\/\/canaryo.net\/portal\/wp-json\/wp\/v2\/users\/443"}],"replies":[{"embeddable":true,"href":"https:\/\/canaryo.net\/portal\/wp-json\/wp\/v2\/comments?post=20037"}],"version-history":[{"count":1,"href":"https:\/\/canaryo.net\/portal\/wp-json\/wp\/v2\/posts\/20037\/revisions"}],"predecessor-version":[{"id":20039,"href":"https:\/\/canaryo.net\/portal\/wp-json\/wp\/v2\/posts\/20037\/revisions\/20039"}],"wp:featuredmedia":[{"embeddable":true,"href":"https:\/\/canaryo.net\/portal\/wp-json\/wp\/v2\/media\/20038"}],"wp:attachment":[{"href":"https:\/\/canaryo.net\/portal\/wp-json\/wp\/v2\/media?parent=20037"}],"wp:term":[{"taxonomy":"category","embeddable":true,"href":"https:\/\/canaryo.net\/portal\/wp-json\/wp\/v2\/categories?post=20037"},{"taxonomy":"post_tag","embeddable":true,"href":"https:\/\/canaryo.net\/portal\/wp-json\/wp\/v2\/tags?post=20037"}],"curies":[{"name":"wp","href":"https:\/\/api.w.org\/{rel}","templated":true}]}}