{"id":20044,"date":"2020-07-08T16:12:58","date_gmt":"2020-07-08T16:12:58","guid":{"rendered":"https:\/\/canaryo.net\/portal\/?p=20044"},"modified":"2020-07-19T21:54:11","modified_gmt":"2020-07-19T21:54:11","slug":"auf-den-kanaren-leben-bereits-28-000-menschen-am-existenzminimum","status":"publish","type":"post","link":"https:\/\/canaryo.net\/portal\/auf-den-kanaren-leben-bereits-28-000-menschen-am-existenzminimum\/","title":{"rendered":"Auf den Kanaren leben bereits 28.000 Menschen unterm Existenzminimum"},"content":{"rendered":"\n<p>08.07.2020; Kanaren \u2013 Der derzeitige Stand der wirtschaftlichen Auswirkungen der Corona-Krise auf den Kanaren ist besorgniserregend. Nur ein Viertel der Arbeitnehmer, die ERTE beziehen, ist bisher zu ihren Arbeitspl\u00e4tzen zur\u00fcckgekehrt. 28.000 bekommen das an Bedingungen gekn\u00fcpfte Grundeinkommen mit dem sie am Existenzminimum angekommen sind. Die Wirtschaft auf den Kanaren steht in Abh\u00e4ngigkeit zum Tourismus und deshalb forderte Pr\u00e4sident \u00c1ngel V\u00edctor Torres auch einen Crash-Plan zur Erholung des Sektors von der Zentralregierung. Der Archipel liegt in dem Index der wirtschaftlichen Auswirkungen des Coronavirus mit 140 Punkten im Vergleich zum Durchschnitt von 100 Punkten an erster Stelle.<\/p>\n\n\n\n<p>Symbolbild<\/p>\n\n\n\n<figure class=\"wp-block-gallery columns-0 is-cropped\"><ul class=\"blocks-gallery-grid\"><\/ul><\/figure>\n","protected":false},"excerpt":{"rendered":"<p>08.07.2020; Kanaren \u2013 Der derzeitige Stand der wirtschaftlichen Auswirkungen der Corona-Krise auf den Kanaren ist besorgniserregend. Nur ein Viertel der Arbeitnehmer, die ERTE beziehen, ist bisher zu ihren Arbeitspl\u00e4tzen zur\u00fcckgekehrt. 28.000 bekommen das an Bedingungen gekn\u00fcpfte Grundeinkommen mit dem sie am Existenzminimum angekommen sind. Die Wirtschaft auf den Kanaren steht in Abh\u00e4ngigkeit zum Tourismus und [&hellip;]<\/p>\n","protected":false},"author":443,"featured_media":18385,"comment_status":"open","ping_status":"open","sticky":false,"template":"","format":"gallery","meta":[],"categories":[446,442,1658,440,444,3586,445,443,6,640,441,451],"tags":[6932,2058,476],"_links":{"self":[{"href":"https:\/\/canaryo.net\/portal\/wp-json\/wp\/v2\/posts\/20044"}],"collection":[{"href":"https:\/\/canaryo.net\/portal\/wp-json\/wp\/v2\/posts"}],"about":[{"href":"https:\/\/canaryo.net\/portal\/wp-json\/wp\/v2\/types\/post"}],"author":[{"embeddable":true,"href":"https:\/\/canaryo.net\/portal\/wp-json\/wp\/v2\/users\/443"}],"replies":[{"embeddable":true,"href":"https:\/\/canaryo.net\/portal\/wp-json\/wp\/v2\/comments?post=20044"}],"version-history":[{"count":2,"href":"https:\/\/canaryo.net\/portal\/wp-json\/wp\/v2\/posts\/20044\/revisions"}],"predecessor-version":[{"id":20057,"href":"https:\/\/canaryo.net\/portal\/wp-json\/wp\/v2\/posts\/20044\/revisions\/20057"}],"wp:featuredmedia":[{"embeddable":true,"href":"https:\/\/canaryo.net\/portal\/wp-json\/wp\/v2\/media\/18385"}],"wp:attachment":[{"href":"https:\/\/canaryo.net\/portal\/wp-json\/wp\/v2\/media?parent=20044"}],"wp:term":[{"taxonomy":"category","embeddable":true,"href":"https:\/\/canaryo.net\/portal\/wp-json\/wp\/v2\/categories?post=20044"},{"taxonomy":"post_tag","embeddable":true,"href":"https:\/\/canaryo.net\/portal\/wp-json\/wp\/v2\/tags?post=20044"}],"curies":[{"name":"wp","href":"https:\/\/api.w.org\/{rel}","templated":true}]}}