{"id":20296,"date":"2020-07-24T10:57:12","date_gmt":"2020-07-24T10:57:12","guid":{"rendered":"https:\/\/canaryo.net\/portal\/?p=20296"},"modified":"2020-07-31T21:29:26","modified_gmt":"2020-07-31T21:29:26","slug":"fluechtlingsleiche-an-der-kueste-von-morro-jable-gefunden","status":"publish","type":"post","link":"https:\/\/canaryo.net\/portal\/fluechtlingsleiche-an-der-kueste-von-morro-jable-gefunden\/","title":{"rendered":"Fl\u00fcchtlingsleiche an der K\u00fcste von Morro Jable gefunden"},"content":{"rendered":"\n<p>24.07.2020; Fuerteventura \u2013 Gestern Morgen fanden ein Vater und sein Sohn, w\u00e4hrend ihrem Ausflug mit dem Motorboot, einen K\u00f6rper schwimmend im Wasser. Es handelte sich hierbei um einen Schwarzafrikaner, der vermutlich versucht hat, mittels einer Patera auf die Kanaren \u00fcberzusetzen. Weiter wird vermutet, dass er in einem der zwei derzeit vermissten Boote war und \u00fcber Bord gegangen ist. Nach dem Zustand der Haut zu urteilen schwamm der Mann bereits vier bis f\u00fcnf Tage im Meer. Der Leichnam wurde in das gerichtsmedizinische Institut in Puerto del Rosario zur Autopsie gebracht, um die Todesursache, Todeszeitpunkt und Identit\u00e4t festzustellen.<\/p>\n\n\n\n<p>Bildquelle: La Provincia<\/p>\n\n\n\n<figure class=\"wp-block-gallery columns-0 is-cropped\"><ul class=\"blocks-gallery-grid\"><\/ul><\/figure>\n","protected":false},"excerpt":{"rendered":"<p>24.07.2020; Fuerteventura \u2013 Gestern Morgen fanden ein Vater und sein Sohn, w\u00e4hrend ihrem Ausflug mit dem Motorboot, einen K\u00f6rper schwimmend im Wasser. Es handelte sich hierbei um einen Schwarzafrikaner, der vermutlich versucht hat, mittels einer Patera auf die Kanaren \u00fcberzusetzen. Weiter wird vermutet, dass er in einem der zwei derzeit vermissten Boote war und \u00fcber [&hellip;]<\/p>\n","protected":false},"author":443,"featured_media":20299,"comment_status":"open","ping_status":"open","sticky":false,"template":"","format":"gallery","meta":[],"categories":[442,6,450,461],"tags":[1262,10,7439,3735,2207],"_links":{"self":[{"href":"https:\/\/canaryo.net\/portal\/wp-json\/wp\/v2\/posts\/20296"}],"collection":[{"href":"https:\/\/canaryo.net\/portal\/wp-json\/wp\/v2\/posts"}],"about":[{"href":"https:\/\/canaryo.net\/portal\/wp-json\/wp\/v2\/types\/post"}],"author":[{"embeddable":true,"href":"https:\/\/canaryo.net\/portal\/wp-json\/wp\/v2\/users\/443"}],"replies":[{"embeddable":true,"href":"https:\/\/canaryo.net\/portal\/wp-json\/wp\/v2\/comments?post=20296"}],"version-history":[{"count":1,"href":"https:\/\/canaryo.net\/portal\/wp-json\/wp\/v2\/posts\/20296\/revisions"}],"predecessor-version":[{"id":20300,"href":"https:\/\/canaryo.net\/portal\/wp-json\/wp\/v2\/posts\/20296\/revisions\/20300"}],"wp:featuredmedia":[{"embeddable":true,"href":"https:\/\/canaryo.net\/portal\/wp-json\/wp\/v2\/media\/20299"}],"wp:attachment":[{"href":"https:\/\/canaryo.net\/portal\/wp-json\/wp\/v2\/media?parent=20296"}],"wp:term":[{"taxonomy":"category","embeddable":true,"href":"https:\/\/canaryo.net\/portal\/wp-json\/wp\/v2\/categories?post=20296"},{"taxonomy":"post_tag","embeddable":true,"href":"https:\/\/canaryo.net\/portal\/wp-json\/wp\/v2\/tags?post=20296"}],"curies":[{"name":"wp","href":"https:\/\/api.w.org\/{rel}","templated":true}]}}