{"id":20301,"date":"2020-07-24T11:00:46","date_gmt":"2020-07-24T11:00:46","guid":{"rendered":"https:\/\/canaryo.net\/portal\/?p=20301"},"modified":"2020-07-31T21:29:36","modified_gmt":"2020-07-31T21:29:36","slug":"fahrradzaehler-als-motivator-in-las-palmas","status":"publish","type":"post","link":"https:\/\/canaryo.net\/portal\/fahrradzaehler-als-motivator-in-las-palmas\/","title":{"rendered":"Fahrradz\u00e4hler als Motivator in Las Palmas"},"content":{"rendered":"\n<p>24.07.2020; Gran Canaria \u2013 In der Stadt Las Palmas wurden zwei Radare installiert, die vorbeifahrende Tretroller und Fahrr\u00e4der z\u00e4hlen. Ziel ist es, 300.000 Bewegungen in einem Jahr zu erreichen. Im Moment ist einer auf der H\u00f6he vom Club N\u00e1utico und der andere auf der Plaza de La Feria installiert worden, sollten diese gut funktionieren werden weitere kommen. Die Z\u00e4hler sollen an die Wichtigkeit einer nachhaltigen Mobilit\u00e4t erinnern und tragen das Logo des \u00f6ffentlichen Fahrraddienstes S\u00edtycleta. Der Anbieter m\u00f6chte nach den Prognosen in diesem Jahr, eine Zahl von \u00fcber 16. 000 Nutzern erreichen. Der Dienst wird haupts\u00e4chlich von Anwohnern benutzt, da 87 % der Nutzung \u00fcber Abonnements l\u00e4uft.<\/p>\n\n\n\n<p>Bildquelle: Canarias 7<\/p>\n\n\n\n<figure class=\"wp-block-gallery columns-0 is-cropped\"><ul class=\"blocks-gallery-grid\"><\/ul><\/figure>\n","protected":false},"excerpt":{"rendered":"<p>24.07.2020; Gran Canaria \u2013 In der Stadt Las Palmas wurden zwei Radare installiert, die vorbeifahrende Tretroller und Fahrr\u00e4der z\u00e4hlen. Ziel ist es, 300.000 Bewegungen in einem Jahr zu erreichen. Im Moment ist einer auf der H\u00f6he vom Club N\u00e1utico und der andere auf der Plaza de La Feria installiert worden, sollten diese gut funktionieren werden [&hellip;]<\/p>\n","protected":false},"author":443,"featured_media":20298,"comment_status":"open","ping_status":"open","sticky":false,"template":"","format":"gallery","meta":[],"categories":[448,440,6],"tags":[1674,8,435,1031,6753,7440],"_links":{"self":[{"href":"https:\/\/canaryo.net\/portal\/wp-json\/wp\/v2\/posts\/20301"}],"collection":[{"href":"https:\/\/canaryo.net\/portal\/wp-json\/wp\/v2\/posts"}],"about":[{"href":"https:\/\/canaryo.net\/portal\/wp-json\/wp\/v2\/types\/post"}],"author":[{"embeddable":true,"href":"https:\/\/canaryo.net\/portal\/wp-json\/wp\/v2\/users\/443"}],"replies":[{"embeddable":true,"href":"https:\/\/canaryo.net\/portal\/wp-json\/wp\/v2\/comments?post=20301"}],"version-history":[{"count":1,"href":"https:\/\/canaryo.net\/portal\/wp-json\/wp\/v2\/posts\/20301\/revisions"}],"predecessor-version":[{"id":20302,"href":"https:\/\/canaryo.net\/portal\/wp-json\/wp\/v2\/posts\/20301\/revisions\/20302"}],"wp:featuredmedia":[{"embeddable":true,"href":"https:\/\/canaryo.net\/portal\/wp-json\/wp\/v2\/media\/20298"}],"wp:attachment":[{"href":"https:\/\/canaryo.net\/portal\/wp-json\/wp\/v2\/media?parent=20301"}],"wp:term":[{"taxonomy":"category","embeddable":true,"href":"https:\/\/canaryo.net\/portal\/wp-json\/wp\/v2\/categories?post=20301"},{"taxonomy":"post_tag","embeddable":true,"href":"https:\/\/canaryo.net\/portal\/wp-json\/wp\/v2\/tags?post=20301"}],"curies":[{"name":"wp","href":"https:\/\/api.w.org\/{rel}","templated":true}]}}