{"id":20313,"date":"2020-07-24T14:26:01","date_gmt":"2020-07-24T14:26:01","guid":{"rendered":"https:\/\/canaryo.net\/portal\/?p=20313"},"modified":"2020-07-31T21:30:20","modified_gmt":"2020-07-31T21:30:20","slug":"kontrollen-der-hygienemassnahmen-in-den-bars-und-cafes-werden-verstaerkt","status":"publish","type":"post","link":"https:\/\/canaryo.net\/portal\/kontrollen-der-hygienemassnahmen-in-den-bars-und-cafes-werden-verstaerkt\/","title":{"rendered":"Kontrollen der Hygienema\u00dfnahmen in den Bars und Caf\u00e9s werden verst\u00e4rkt"},"content":{"rendered":"\n<p>24.07.2020; Gran Canaria \u2013 Laut der Polic\u00eda Local vernachl\u00e4ssigen die Gastronomen im S\u00fcden Gran Canarias die Hygienema\u00dfnahmen zur Verhinderung von Covid-19 zunehmend, sodass Mahnungen und Sanktionen ausgesprochen werden mussten. Fehlende Masken oder falsche Verwendung beim Servicepersonal sind die g\u00e4ngigsten Verst\u00f6\u00dfe, weshalb sich auch die G\u00e4ste beschweren. Um dem Einhalt zu gebieten, verst\u00e4rken die National- und Lokalpolizei jetzt die Kontrollen.<\/p>\n\n\n\n<p>Symbolbild<\/p>\n\n\n\n<figure class=\"wp-block-gallery columns-0 is-cropped\"><ul class=\"blocks-gallery-grid\"><\/ul><\/figure>\n","protected":false},"excerpt":{"rendered":"<p>24.07.2020; Gran Canaria \u2013 Laut der Polic\u00eda Local vernachl\u00e4ssigen die Gastronomen im S\u00fcden Gran Canarias die Hygienema\u00dfnahmen zur Verhinderung von Covid-19 zunehmend, sodass Mahnungen und Sanktionen ausgesprochen werden mussten. Fehlende Masken oder falsche Verwendung beim Servicepersonal sind die g\u00e4ngigsten Verst\u00f6\u00dfe, weshalb sich auch die G\u00e4ste beschweren. Um dem Einhalt zu gebieten, verst\u00e4rken die National- und [&hellip;]<\/p>\n","protected":false},"author":443,"featured_media":19724,"comment_status":"open","ping_status":"open","sticky":false,"template":"","format":"gallery","meta":[],"categories":[1658,440,494,6],"tags":[3903,7443,8,7444,6995],"_links":{"self":[{"href":"https:\/\/canaryo.net\/portal\/wp-json\/wp\/v2\/posts\/20313"}],"collection":[{"href":"https:\/\/canaryo.net\/portal\/wp-json\/wp\/v2\/posts"}],"about":[{"href":"https:\/\/canaryo.net\/portal\/wp-json\/wp\/v2\/types\/post"}],"author":[{"embeddable":true,"href":"https:\/\/canaryo.net\/portal\/wp-json\/wp\/v2\/users\/443"}],"replies":[{"embeddable":true,"href":"https:\/\/canaryo.net\/portal\/wp-json\/wp\/v2\/comments?post=20313"}],"version-history":[{"count":1,"href":"https:\/\/canaryo.net\/portal\/wp-json\/wp\/v2\/posts\/20313\/revisions"}],"predecessor-version":[{"id":20314,"href":"https:\/\/canaryo.net\/portal\/wp-json\/wp\/v2\/posts\/20313\/revisions\/20314"}],"wp:featuredmedia":[{"embeddable":true,"href":"https:\/\/canaryo.net\/portal\/wp-json\/wp\/v2\/media\/19724"}],"wp:attachment":[{"href":"https:\/\/canaryo.net\/portal\/wp-json\/wp\/v2\/media?parent=20313"}],"wp:term":[{"taxonomy":"category","embeddable":true,"href":"https:\/\/canaryo.net\/portal\/wp-json\/wp\/v2\/categories?post=20313"},{"taxonomy":"post_tag","embeddable":true,"href":"https:\/\/canaryo.net\/portal\/wp-json\/wp\/v2\/tags?post=20313"}],"curies":[{"name":"wp","href":"https:\/\/api.w.org\/{rel}","templated":true}]}}