{"id":20315,"date":"2020-07-25T09:18:51","date_gmt":"2020-07-25T09:18:51","guid":{"rendered":"https:\/\/canaryo.net\/portal\/?p=20315"},"modified":"2020-07-31T21:30:39","modified_gmt":"2020-07-31T21:30:39","slug":"schmuck-und-uhrenraub-in-playa-de-ingles-aufgeklaert","status":"publish","type":"post","link":"https:\/\/canaryo.net\/portal\/schmuck-und-uhrenraub-in-playa-de-ingles-aufgeklaert\/","title":{"rendered":"Schmuck- und Uhrenraub in Playa de Ingl\u00e9s aufgekl\u00e4rt"},"content":{"rendered":"\n<p>26.07.2020; Gran Canaria \u2013 Die Polic\u00eda Nacional verhaftete zwei M\u00e4nner im Alter von 26 und 49 Jahren bulgarischer und rum\u00e4nischer Herkunft, als mutma\u00dfliche T\u00e4ter des Raubes am 5. Juli in San Bartolom\u00e9 de Tirajana. Einem Unternehmer wurden an diesem Tag 123.000 Euro in Bar, Schmuck und Uhren im Wert von 30.000 Euro und weitere wertvolle pers\u00f6nliche Gegenst\u00e4nde gestohlen. Nach intensiver Ermittlung konnten die Beamten die beiden T\u00e4ter lokalisieren, da diese vor dem Raub den Gesch\u00e4ftsmann \u00fcberwacht hatten, um seine Gewohnheiten herauszufinden. Einer der beiden wurde am Flughafen von Gran Canaria verhaftet, als er nach London fliegen wollte und, der andere wurde beim Verlassen seiner Wohnung in Maspalomas verhaftet.<br>Symbolbild<\/p>\n\n\n\n<figure class=\"wp-block-gallery columns-0 is-cropped\"><ul class=\"blocks-gallery-grid\"><\/ul><\/figure>\n","protected":false},"excerpt":{"rendered":"<p>26.07.2020; Gran Canaria \u2013 Die Polic\u00eda Nacional verhaftete zwei M\u00e4nner im Alter von 26 und 49 Jahren bulgarischer und rum\u00e4nischer Herkunft, als mutma\u00dfliche T\u00e4ter des Raubes am 5. Juli in San Bartolom\u00e9 de Tirajana. Einem Unternehmer wurden an diesem Tag 123.000 Euro in Bar, Schmuck und Uhren im Wert von 30.000 Euro und weitere wertvolle [&hellip;]<\/p>\n","protected":false},"author":443,"featured_media":10601,"comment_status":"open","ping_status":"open","sticky":false,"template":"","format":"gallery","meta":[],"categories":[440,494,6],"tags":[8,959,793,1346],"_links":{"self":[{"href":"https:\/\/canaryo.net\/portal\/wp-json\/wp\/v2\/posts\/20315"}],"collection":[{"href":"https:\/\/canaryo.net\/portal\/wp-json\/wp\/v2\/posts"}],"about":[{"href":"https:\/\/canaryo.net\/portal\/wp-json\/wp\/v2\/types\/post"}],"author":[{"embeddable":true,"href":"https:\/\/canaryo.net\/portal\/wp-json\/wp\/v2\/users\/443"}],"replies":[{"embeddable":true,"href":"https:\/\/canaryo.net\/portal\/wp-json\/wp\/v2\/comments?post=20315"}],"version-history":[{"count":1,"href":"https:\/\/canaryo.net\/portal\/wp-json\/wp\/v2\/posts\/20315\/revisions"}],"predecessor-version":[{"id":20316,"href":"https:\/\/canaryo.net\/portal\/wp-json\/wp\/v2\/posts\/20315\/revisions\/20316"}],"wp:featuredmedia":[{"embeddable":true,"href":"https:\/\/canaryo.net\/portal\/wp-json\/wp\/v2\/media\/10601"}],"wp:attachment":[{"href":"https:\/\/canaryo.net\/portal\/wp-json\/wp\/v2\/media?parent=20315"}],"wp:term":[{"taxonomy":"category","embeddable":true,"href":"https:\/\/canaryo.net\/portal\/wp-json\/wp\/v2\/categories?post=20315"},{"taxonomy":"post_tag","embeddable":true,"href":"https:\/\/canaryo.net\/portal\/wp-json\/wp\/v2\/tags?post=20315"}],"curies":[{"name":"wp","href":"https:\/\/api.w.org\/{rel}","templated":true}]}}