{"id":20376,"date":"2020-07-28T17:24:59","date_gmt":"2020-07-28T17:24:59","guid":{"rendered":"https:\/\/canaryo.net\/portal\/?p=20376"},"modified":"2020-08-08T10:56:03","modified_gmt":"2020-08-08T10:56:03","slug":"britannien-haelt-quarantaenepflicht-fuer-spanienurlauber-aufrecht","status":"publish","type":"post","link":"https:\/\/canaryo.net\/portal\/britannien-haelt-quarantaenepflicht-fuer-spanienurlauber-aufrecht\/","title":{"rendered":"Britannien h\u00e4lt Quarant\u00e4nepflicht f\u00fcr Spanienurlauber aufrecht"},"content":{"rendered":"\n<p>28.07.2020; Kanaren \u2013 Der britische Botschafter Hugh Elliot erkl\u00e4rte gestern in einem Interview, dass f\u00fcr Briten die aus Spanien kommen, egal aus welcher Region oder von welcher Insel, eine Quarant\u00e4nepflicht besteht und diese Regelung bleibt bis auf weiteres, in Abh\u00e4ngigkeit der Entwicklung in Spanien, aufrecht. Die britische Regierung m\u00f6chte auf jeden Fall eine zweite Welle verhindern und meint, dass auch wenn die Zahlen auf den Kanaren und Balearen besser sind, diese genauso rasch steigen k\u00f6nnen wie in anderen Regionen. Der Reiseveranstalter TUI dagegen fordert die Regierung dazu auf, diese Regelung regional nach Fallzahlen zu bestimmen, das w\u00fcrde eine einfachere Handhabung mit den Kunden ergeben.<\/p>\n\n\n\n<p>Symbolbild<\/p>\n\n\n\n<figure class=\"wp-block-gallery columns-0 is-cropped\"><ul class=\"blocks-gallery-grid\"><\/ul><\/figure>\n","protected":false},"excerpt":{"rendered":"<p>28.07.2020; Kanaren \u2013 Der britische Botschafter Hugh Elliot erkl\u00e4rte gestern in einem Interview, dass f\u00fcr Briten die aus Spanien kommen, egal aus welcher Region oder von welcher Insel, eine Quarant\u00e4nepflicht besteht und diese Regelung bleibt bis auf weiteres, in Abh\u00e4ngigkeit der Entwicklung in Spanien, aufrecht. Die britische Regierung m\u00f6chte auf jeden Fall eine zweite Welle [&hellip;]<\/p>\n","protected":false},"author":443,"featured_media":19265,"comment_status":"open","ping_status":"open","sticky":false,"template":"","format":"gallery","meta":[],"categories":[439,446,442,861,440,494,444,3586,445,443,449,6,573,640,441],"tags":[3706,476,7016,576,682],"_links":{"self":[{"href":"https:\/\/canaryo.net\/portal\/wp-json\/wp\/v2\/posts\/20376"}],"collection":[{"href":"https:\/\/canaryo.net\/portal\/wp-json\/wp\/v2\/posts"}],"about":[{"href":"https:\/\/canaryo.net\/portal\/wp-json\/wp\/v2\/types\/post"}],"author":[{"embeddable":true,"href":"https:\/\/canaryo.net\/portal\/wp-json\/wp\/v2\/users\/443"}],"replies":[{"embeddable":true,"href":"https:\/\/canaryo.net\/portal\/wp-json\/wp\/v2\/comments?post=20376"}],"version-history":[{"count":2,"href":"https:\/\/canaryo.net\/portal\/wp-json\/wp\/v2\/posts\/20376\/revisions"}],"predecessor-version":[{"id":20378,"href":"https:\/\/canaryo.net\/portal\/wp-json\/wp\/v2\/posts\/20376\/revisions\/20378"}],"wp:featuredmedia":[{"embeddable":true,"href":"https:\/\/canaryo.net\/portal\/wp-json\/wp\/v2\/media\/19265"}],"wp:attachment":[{"href":"https:\/\/canaryo.net\/portal\/wp-json\/wp\/v2\/media?parent=20376"}],"wp:term":[{"taxonomy":"category","embeddable":true,"href":"https:\/\/canaryo.net\/portal\/wp-json\/wp\/v2\/categories?post=20376"},{"taxonomy":"post_tag","embeddable":true,"href":"https:\/\/canaryo.net\/portal\/wp-json\/wp\/v2\/tags?post=20376"}],"curies":[{"name":"wp","href":"https:\/\/api.w.org\/{rel}","templated":true}]}}