{"id":20380,"date":"2020-07-29T16:41:18","date_gmt":"2020-07-29T16:41:18","guid":{"rendered":"https:\/\/canaryo.net\/portal\/?p=20380"},"modified":"2020-08-08T10:56:15","modified_gmt":"2020-08-08T10:56:15","slug":"anstieg-der-arbeitslosenquote-um-492","status":"publish","type":"post","link":"https:\/\/canaryo.net\/portal\/anstieg-der-arbeitslosenquote-um-492\/","title":{"rendered":"Anstieg der Arbeitslosenquote um 4,92 %"},"content":{"rendered":"\n<p>29.07.2020; Kanaren \u2013 Derzeit liegt auf den Kanarischen Inseln die Arbeitslosenquote bei 21,55 %. Im Vergleich mit den Zahlen aus dem ersten Quartal bedeutet das, dass der Alarmzustand ein Anstieg von 4,92 % zur Folge hatte. Doch verglichen mit dem gleichen Zeitraum im vorherigen Jahr, ist die Quote um 5,57 % zur\u00fcckgegangen, das bedeutet das Ende Juni, 13.300 Menschen weniger arbeitslos waren als im Jahr 2019. Doch die Entwicklung und Folgen der Pandemie haben weiterhin eine negative Tendenz auf den Arbeitsmarkt und das Ausma\u00df l\u00e4sst sich noch nicht klar absch\u00e4tzen. Beispielsweise die Situation mit Gro\u00dfbritannien wird den Stellenmarkt stark belasten und bisher sind viele Arbeitsstellen durch das ERTE-Programm vor\u00fcbergehend gerettet, doch welche dauerhaft, wird sich erst nach Beendigung des Programms herausstellen.<\/p>\n\n\n\n<p>Symbolbild<\/p>\n\n\n\n<figure class=\"wp-block-gallery columns-0 is-cropped\"><ul class=\"blocks-gallery-grid\"><\/ul><\/figure>\n","protected":false},"excerpt":{"rendered":"<p>29.07.2020; Kanaren \u2013 Derzeit liegt auf den Kanarischen Inseln die Arbeitslosenquote bei 21,55 %. Im Vergleich mit den Zahlen aus dem ersten Quartal bedeutet das, dass der Alarmzustand ein Anstieg von 4,92 % zur Folge hatte. Doch verglichen mit dem gleichen Zeitraum im vorherigen Jahr, ist die Quote um 5,57 % zur\u00fcckgegangen, das bedeutet das [&hellip;]<\/p>\n","protected":false},"author":443,"featured_media":18385,"comment_status":"open","ping_status":"open","sticky":false,"template":"","format":"gallery","meta":[],"categories":[446,442,1658,440,444,3586,445,443,6,441,451],"tags":[662,4523,476],"_links":{"self":[{"href":"https:\/\/canaryo.net\/portal\/wp-json\/wp\/v2\/posts\/20380"}],"collection":[{"href":"https:\/\/canaryo.net\/portal\/wp-json\/wp\/v2\/posts"}],"about":[{"href":"https:\/\/canaryo.net\/portal\/wp-json\/wp\/v2\/types\/post"}],"author":[{"embeddable":true,"href":"https:\/\/canaryo.net\/portal\/wp-json\/wp\/v2\/users\/443"}],"replies":[{"embeddable":true,"href":"https:\/\/canaryo.net\/portal\/wp-json\/wp\/v2\/comments?post=20380"}],"version-history":[{"count":1,"href":"https:\/\/canaryo.net\/portal\/wp-json\/wp\/v2\/posts\/20380\/revisions"}],"predecessor-version":[{"id":20381,"href":"https:\/\/canaryo.net\/portal\/wp-json\/wp\/v2\/posts\/20380\/revisions\/20381"}],"wp:featuredmedia":[{"embeddable":true,"href":"https:\/\/canaryo.net\/portal\/wp-json\/wp\/v2\/media\/18385"}],"wp:attachment":[{"href":"https:\/\/canaryo.net\/portal\/wp-json\/wp\/v2\/media?parent=20380"}],"wp:term":[{"taxonomy":"category","embeddable":true,"href":"https:\/\/canaryo.net\/portal\/wp-json\/wp\/v2\/categories?post=20380"},{"taxonomy":"post_tag","embeddable":true,"href":"https:\/\/canaryo.net\/portal\/wp-json\/wp\/v2\/tags?post=20380"}],"curies":[{"name":"wp","href":"https:\/\/api.w.org\/{rel}","templated":true}]}}