{"id":20514,"date":"2020-08-12T16:30:09","date_gmt":"2020-08-12T16:30:09","guid":{"rendered":"https:\/\/canaryo.net\/portal\/?p=20514"},"modified":"2020-08-27T10:31:15","modified_gmt":"2020-08-27T10:31:15","slug":"mann-attackiert-mit-golfschlaeger-in-san-bartolome-de-tirajana","status":"publish","type":"post","link":"https:\/\/canaryo.net\/portal\/mann-attackiert-mit-golfschlaeger-in-san-bartolome-de-tirajana\/","title":{"rendered":"Mann mit Golfschl\u00e4ger in San Bartolom\u00e9 de Tirajana attackiert"},"content":{"rendered":"\n<p>12.08.2020; Gran Canaria\u2013 Ein 42-j\u00e4hriger Italiener wurde letzte Nacht verhaftet, weil er einen 52 Jahre alten Mann mit einem Golfschl\u00e4ger schlug. Die Polic\u00eda Nacional erhielt nachts um 01.00 Uhr einen Notruf und als die Beamten vor Ort eintrafen, berichtete das Opfer, das er wiederholt von einem Mann geschlagen wurde und gab den Namen des T\u00e4ters an. Es gab mehrere Zeugen und nach einer zweist\u00fcndigen Suche verhaftete die Polizei den mit Vorstrafen belasteten Mann. Der 52-J\u00e4hrige wurde mit mehrfachen Platzwunden in ein Krankenhaus eingeliefert.<\/p>\n\n\n\n<p>Symbolbild<\/p>\n\n\n\n<figure class=\"wp-block-gallery columns-0 is-cropped\"><ul class=\"blocks-gallery-grid\"><\/ul><\/figure>\n","protected":false},"excerpt":{"rendered":"<p>12.08.2020; Gran Canaria\u2013 Ein 42-j\u00e4hriger Italiener wurde letzte Nacht verhaftet, weil er einen 52 Jahre alten Mann mit einem Golfschl\u00e4ger schlug. Die Polic\u00eda Nacional erhielt nachts um 01.00 Uhr einen Notruf und als die Beamten vor Ort eintrafen, berichtete das Opfer, das er wiederholt von einem Mann geschlagen wurde und gab den Namen des T\u00e4ters [&hellip;]<\/p>\n","protected":false},"author":443,"featured_media":7022,"comment_status":"open","ping_status":"open","sticky":false,"template":"","format":"gallery","meta":[],"categories":[440,494,6],"tags":[7419,7495,8,1371],"_links":{"self":[{"href":"https:\/\/canaryo.net\/portal\/wp-json\/wp\/v2\/posts\/20514"}],"collection":[{"href":"https:\/\/canaryo.net\/portal\/wp-json\/wp\/v2\/posts"}],"about":[{"href":"https:\/\/canaryo.net\/portal\/wp-json\/wp\/v2\/types\/post"}],"author":[{"embeddable":true,"href":"https:\/\/canaryo.net\/portal\/wp-json\/wp\/v2\/users\/443"}],"replies":[{"embeddable":true,"href":"https:\/\/canaryo.net\/portal\/wp-json\/wp\/v2\/comments?post=20514"}],"version-history":[{"count":2,"href":"https:\/\/canaryo.net\/portal\/wp-json\/wp\/v2\/posts\/20514\/revisions"}],"predecessor-version":[{"id":20519,"href":"https:\/\/canaryo.net\/portal\/wp-json\/wp\/v2\/posts\/20514\/revisions\/20519"}],"wp:featuredmedia":[{"embeddable":true,"href":"https:\/\/canaryo.net\/portal\/wp-json\/wp\/v2\/media\/7022"}],"wp:attachment":[{"href":"https:\/\/canaryo.net\/portal\/wp-json\/wp\/v2\/media?parent=20514"}],"wp:term":[{"taxonomy":"category","embeddable":true,"href":"https:\/\/canaryo.net\/portal\/wp-json\/wp\/v2\/categories?post=20514"},{"taxonomy":"post_tag","embeddable":true,"href":"https:\/\/canaryo.net\/portal\/wp-json\/wp\/v2\/tags?post=20514"}],"curies":[{"name":"wp","href":"https:\/\/api.w.org\/{rel}","templated":true}]}}