{"id":20674,"date":"2020-08-25T16:10:46","date_gmt":"2020-08-25T16:10:46","guid":{"rendered":"https:\/\/canaryo.net\/portal\/?p=20674"},"modified":"2020-09-16T00:37:10","modified_gmt":"2020-09-16T00:37:10","slug":"lebensraum-8-seltener-hai-und-rochenarten-ist-der-stadtstrand-las-canteras","status":"publish","type":"post","link":"https:\/\/canaryo.net\/portal\/lebensraum-8-seltener-hai-und-rochenarten-ist-der-stadtstrand-las-canteras\/","title":{"rendered":"Lebensraum 8 seltener Hai- und Rochenarten ist der Stadtstrand Las Canteras"},"content":{"rendered":"\n<p>25.08.2020; Gran Canaria \u2013 Bei einer dreij\u00e4hrigen Studie fanden Forscher heraus, das der Strand von Las Palmas der Lebensraum von mindestens acht unterschiedlichen und seltenen Hai- und Rochenarten ist. F\u00fcr die Wissenschaftler ist es \u00fcberraschend, dass diese \u00e4u\u00dferst sensiblen und scheuen Arten sich gerade in einer vom Menschen dominierten Gegend angesiedelt haben. Die Erkl\u00e4rung sehen sie darin, dass der Bereich der einzige halbgeschlossene K\u00fcstenbereich auf Gran Canaria mit einer sehr \u00fcppigen Meeresvegetation ist.<\/p>\n\n\n\n<p>Bildquelle: La Provincia<\/p>\n\n\n\n<figure class=\"wp-block-gallery columns-0 is-cropped\"><ul class=\"blocks-gallery-grid\"><\/ul><\/figure>\n","protected":false},"excerpt":{"rendered":"<p>25.08.2020; Gran Canaria \u2013 Bei einer dreij\u00e4hrigen Studie fanden Forscher heraus, das der Strand von Las Palmas der Lebensraum von mindestens acht unterschiedlichen und seltenen Hai- und Rochenarten ist. F\u00fcr die Wissenschaftler ist es \u00fcberraschend, dass diese \u00e4u\u00dferst sensiblen und scheuen Arten sich gerade in einer vom Menschen dominierten Gegend angesiedelt haben. Die Erkl\u00e4rung sehen [&hellip;]<\/p>\n","protected":false},"author":443,"featured_media":20664,"comment_status":"open","ping_status":"open","sticky":false,"template":"","format":"gallery","meta":[],"categories":[997,440,6,452,450],"tags":[8,4266,2266,435,7529],"_links":{"self":[{"href":"https:\/\/canaryo.net\/portal\/wp-json\/wp\/v2\/posts\/20674"}],"collection":[{"href":"https:\/\/canaryo.net\/portal\/wp-json\/wp\/v2\/posts"}],"about":[{"href":"https:\/\/canaryo.net\/portal\/wp-json\/wp\/v2\/types\/post"}],"author":[{"embeddable":true,"href":"https:\/\/canaryo.net\/portal\/wp-json\/wp\/v2\/users\/443"}],"replies":[{"embeddable":true,"href":"https:\/\/canaryo.net\/portal\/wp-json\/wp\/v2\/comments?post=20674"}],"version-history":[{"count":1,"href":"https:\/\/canaryo.net\/portal\/wp-json\/wp\/v2\/posts\/20674\/revisions"}],"predecessor-version":[{"id":20675,"href":"https:\/\/canaryo.net\/portal\/wp-json\/wp\/v2\/posts\/20674\/revisions\/20675"}],"wp:featuredmedia":[{"embeddable":true,"href":"https:\/\/canaryo.net\/portal\/wp-json\/wp\/v2\/media\/20664"}],"wp:attachment":[{"href":"https:\/\/canaryo.net\/portal\/wp-json\/wp\/v2\/media?parent=20674"}],"wp:term":[{"taxonomy":"category","embeddable":true,"href":"https:\/\/canaryo.net\/portal\/wp-json\/wp\/v2\/categories?post=20674"},{"taxonomy":"post_tag","embeddable":true,"href":"https:\/\/canaryo.net\/portal\/wp-json\/wp\/v2\/tags?post=20674"}],"curies":[{"name":"wp","href":"https:\/\/api.w.org\/{rel}","templated":true}]}}