{"id":20893,"date":"2020-09-17T19:08:19","date_gmt":"2020-09-17T19:08:19","guid":{"rendered":"https:\/\/canaryo.net\/portal\/?p=20893"},"modified":"2020-09-30T16:35:29","modified_gmt":"2020-09-30T16:35:29","slug":"limitierte-parkplatze-um-das-anagagebiet-zu-schuetzen","status":"publish","type":"post","link":"https:\/\/canaryo.net\/portal\/limitierte-parkplatze-um-das-anagagebiet-zu-schuetzen\/","title":{"rendered":"Limitierte Parkplatze um das Anagagebiet zu sch\u00fctzen"},"content":{"rendered":"\n<p>17.09.2020; Teneriffa \u2013 Die Umweltministerin Isabel Garc\u00eda leitete diesen Mittwoch eine Versammlung, bei der es um die Entwicklung der Fortbewegung im Naturpark im Anagagebirge ging. Teilgenommen hatten Repr\u00e4sentanten vom Stadtrat Santa Cruz und La Laguna sowie der Policia Local und dem Verkehrsamt. Schwerpunkt war Ma\u00dfnahmen zum Erhalt und Schutz des Parkes, der auch ein Biosph\u00e4renreservat ist, zu entwickeln. Beschlossen wurden die Ausdehnung des Verkehrsnetzes, st\u00e4rkere Kontrollen, damit die Verkehrsbuchten nicht als Parkpl\u00e4tze missbraucht werden und die Unterst\u00fctzung des lokalen Handels. Konsens ist, dass dieses Gebiet durch die Bev\u00f6lkerung mit \u00f6ffentlichen Verkehrsmittel besucht werden soll, wie es in anderen Naturparks bereits umgesetzt wird.<\/p>\n\n\n\n<p>Bildquelle: Diario de Avisos<\/p>\n\n\n\n<figure class=\"wp-block-gallery columns-0 is-cropped\"><ul class=\"blocks-gallery-grid\"><\/ul><\/figure>\n","protected":false},"excerpt":{"rendered":"<p>17.09.2020; Teneriffa \u2013 Die Umweltministerin Isabel Garc\u00eda leitete diesen Mittwoch eine Versammlung, bei der es um die Entwicklung der Fortbewegung im Naturpark im Anagagebirge ging. Teilgenommen hatten Repr\u00e4sentanten vom Stadtrat Santa Cruz und La Laguna sowie der Policia Local und dem Verkehrsamt. Schwerpunkt war Ma\u00dfnahmen zum Erhalt und Schutz des Parkes, der auch ein Biosph\u00e4renreservat [&hellip;]<\/p>\n","protected":false},"author":443,"featured_media":20883,"comment_status":"open","ping_status":"open","sticky":false,"template":"","format":"gallery","meta":[],"categories":[6,452,640,441],"tags":[5952,9],"_links":{"self":[{"href":"https:\/\/canaryo.net\/portal\/wp-json\/wp\/v2\/posts\/20893"}],"collection":[{"href":"https:\/\/canaryo.net\/portal\/wp-json\/wp\/v2\/posts"}],"about":[{"href":"https:\/\/canaryo.net\/portal\/wp-json\/wp\/v2\/types\/post"}],"author":[{"embeddable":true,"href":"https:\/\/canaryo.net\/portal\/wp-json\/wp\/v2\/users\/443"}],"replies":[{"embeddable":true,"href":"https:\/\/canaryo.net\/portal\/wp-json\/wp\/v2\/comments?post=20893"}],"version-history":[{"count":2,"href":"https:\/\/canaryo.net\/portal\/wp-json\/wp\/v2\/posts\/20893\/revisions"}],"predecessor-version":[{"id":20895,"href":"https:\/\/canaryo.net\/portal\/wp-json\/wp\/v2\/posts\/20893\/revisions\/20895"}],"wp:featuredmedia":[{"embeddable":true,"href":"https:\/\/canaryo.net\/portal\/wp-json\/wp\/v2\/media\/20883"}],"wp:attachment":[{"href":"https:\/\/canaryo.net\/portal\/wp-json\/wp\/v2\/media?parent=20893"}],"wp:term":[{"taxonomy":"category","embeddable":true,"href":"https:\/\/canaryo.net\/portal\/wp-json\/wp\/v2\/categories?post=20893"},{"taxonomy":"post_tag","embeddable":true,"href":"https:\/\/canaryo.net\/portal\/wp-json\/wp\/v2\/tags?post=20893"}],"curies":[{"name":"wp","href":"https:\/\/api.w.org\/{rel}","templated":true}]}}