{"id":20896,"date":"2020-09-17T19:19:51","date_gmt":"2020-09-17T19:19:51","guid":{"rendered":"https:\/\/canaryo.net\/portal\/?p=20896"},"modified":"2020-09-30T16:35:34","modified_gmt":"2020-09-30T16:35:34","slug":"charco-de-maspalomas-wird-durch-atlantikkanal-aufgefrischt","status":"publish","type":"post","link":"https:\/\/canaryo.net\/portal\/charco-de-maspalomas-wird-durch-atlantikkanal-aufgefrischt\/","title":{"rendered":"Charco de Maspalomas wird durch Atlantikkanal aufgefrischt"},"content":{"rendered":"\n<p>17.09.2020; Gran Canaria \u2013 Das Naturschutzgebiet Charco de Maspalomas hat durch die lang anhaltende D\u00fcrre sehr gelitten und der Frischwasserzulauf aus dem Tirajana \u2013Becken ist nicht mehr ausreichend, um den Charco mit Sauerstoff und Fischen zu versorgen. Der Stadtrat von San Bartolom\u00e9 de Tirajana hat als Erhaltungsma\u00dfnahme eine Verbindung zu dem Atlantik geschaffen, sodass dieser an bei den Flutgezeiten Freitag und Samstag frisches Wasser und neue Fische in das Gebiet sp\u00fcln kann. &nbsp;Nachdem die invasive Art der Mosambik-Buntbarsche entfernt wurde, k\u00f6nnen die Fische dort nisten und als Nahrungsquelle f\u00fcr die Vogelvielfalt dienen. Der Zugang wird sich \u00fcber die Zeit von alleine wieder schlie\u00dfen.<\/p>\n\n\n\n<p>Bildquelle: Radio Televisi\u00f3n Canaria<\/p>\n\n\n\n<figure class=\"wp-block-gallery columns-0 is-cropped\"><ul class=\"blocks-gallery-grid\"><\/ul><\/figure>\n","protected":false},"excerpt":{"rendered":"<p>17.09.2020; Gran Canaria \u2013 Das Naturschutzgebiet Charco de Maspalomas hat durch die lang anhaltende D\u00fcrre sehr gelitten und der Frischwasserzulauf aus dem Tirajana \u2013Becken ist nicht mehr ausreichend, um den Charco mit Sauerstoff und Fischen zu versorgen. Der Stadtrat von San Bartolom\u00e9 de Tirajana hat als Erhaltungsma\u00dfnahme eine Verbindung zu dem Atlantik geschaffen, sodass dieser [&hellip;]<\/p>\n","protected":false},"author":443,"featured_media":20898,"comment_status":"open","ping_status":"open","sticky":false,"template":"","format":"gallery","meta":[],"categories":[440,6,452],"tags":[7581,8],"_links":{"self":[{"href":"https:\/\/canaryo.net\/portal\/wp-json\/wp\/v2\/posts\/20896"}],"collection":[{"href":"https:\/\/canaryo.net\/portal\/wp-json\/wp\/v2\/posts"}],"about":[{"href":"https:\/\/canaryo.net\/portal\/wp-json\/wp\/v2\/types\/post"}],"author":[{"embeddable":true,"href":"https:\/\/canaryo.net\/portal\/wp-json\/wp\/v2\/users\/443"}],"replies":[{"embeddable":true,"href":"https:\/\/canaryo.net\/portal\/wp-json\/wp\/v2\/comments?post=20896"}],"version-history":[{"count":1,"href":"https:\/\/canaryo.net\/portal\/wp-json\/wp\/v2\/posts\/20896\/revisions"}],"predecessor-version":[{"id":20899,"href":"https:\/\/canaryo.net\/portal\/wp-json\/wp\/v2\/posts\/20896\/revisions\/20899"}],"wp:featuredmedia":[{"embeddable":true,"href":"https:\/\/canaryo.net\/portal\/wp-json\/wp\/v2\/media\/20898"}],"wp:attachment":[{"href":"https:\/\/canaryo.net\/portal\/wp-json\/wp\/v2\/media?parent=20896"}],"wp:term":[{"taxonomy":"category","embeddable":true,"href":"https:\/\/canaryo.net\/portal\/wp-json\/wp\/v2\/categories?post=20896"},{"taxonomy":"post_tag","embeddable":true,"href":"https:\/\/canaryo.net\/portal\/wp-json\/wp\/v2\/tags?post=20896"}],"curies":[{"name":"wp","href":"https:\/\/api.w.org\/{rel}","templated":true}]}}