{"id":20933,"date":"2020-09-20T16:25:13","date_gmt":"2020-09-20T16:25:13","guid":{"rendered":"https:\/\/canaryo.net\/portal\/?p=20933"},"modified":"2020-09-30T16:37:13","modified_gmt":"2020-09-30T16:37:13","slug":"tejeda-beschliesst-drastische-massnahmen-wegen-hoher-corona-werte","status":"publish","type":"post","link":"https:\/\/canaryo.net\/portal\/tejeda-beschliesst-drastische-massnahmen-wegen-hoher-corona-werte\/","title":{"rendered":"Tejeda beschlie\u00dft drastische Ma\u00dfnahmen wegen hoher Corona-Werte"},"content":{"rendered":"\n<p>20.09.2020; Gran Canaria \u2013 Das kleine Bergdorf Tejeda registrierte vor drei Tagen bereits 144 F\u00e4lle auf 1.900 Einwohner. Daraufhin gab der B\u00fcrgermeister Francisco Perera am Freitag der Presse bekannt, dass alle \u00f6ffentlichen Einrichtungen geschlossen werden, und r\u00e4t der Bev\u00f6lkerung, Quarant\u00e4ne einzuhalten.<\/p>\n\n\n\n<p>Bildquelle: La Provincia<\/p>\n\n\n\n<figure class=\"wp-block-gallery columns-0 is-cropped\"><ul class=\"blocks-gallery-grid\"><\/ul><\/figure>\n","protected":false},"excerpt":{"rendered":"<p>20.09.2020; Gran Canaria \u2013 Das kleine Bergdorf Tejeda registrierte vor drei Tagen bereits 144 F\u00e4lle auf 1.900 Einwohner. Daraufhin gab der B\u00fcrgermeister Francisco Perera am Freitag der Presse bekannt, dass alle \u00f6ffentlichen Einrichtungen geschlossen werden, und r\u00e4t der Bev\u00f6lkerung, Quarant\u00e4ne einzuhalten. Bildquelle: La Provincia<\/p>\n","protected":false},"author":443,"featured_media":20935,"comment_status":"open","ping_status":"open","sticky":false,"template":"","format":"gallery","meta":[],"categories":[861,440,6,640],"tags":[7138,8,6918,464],"_links":{"self":[{"href":"https:\/\/canaryo.net\/portal\/wp-json\/wp\/v2\/posts\/20933"}],"collection":[{"href":"https:\/\/canaryo.net\/portal\/wp-json\/wp\/v2\/posts"}],"about":[{"href":"https:\/\/canaryo.net\/portal\/wp-json\/wp\/v2\/types\/post"}],"author":[{"embeddable":true,"href":"https:\/\/canaryo.net\/portal\/wp-json\/wp\/v2\/users\/443"}],"replies":[{"embeddable":true,"href":"https:\/\/canaryo.net\/portal\/wp-json\/wp\/v2\/comments?post=20933"}],"version-history":[{"count":1,"href":"https:\/\/canaryo.net\/portal\/wp-json\/wp\/v2\/posts\/20933\/revisions"}],"predecessor-version":[{"id":20936,"href":"https:\/\/canaryo.net\/portal\/wp-json\/wp\/v2\/posts\/20933\/revisions\/20936"}],"wp:featuredmedia":[{"embeddable":true,"href":"https:\/\/canaryo.net\/portal\/wp-json\/wp\/v2\/media\/20935"}],"wp:attachment":[{"href":"https:\/\/canaryo.net\/portal\/wp-json\/wp\/v2\/media?parent=20933"}],"wp:term":[{"taxonomy":"category","embeddable":true,"href":"https:\/\/canaryo.net\/portal\/wp-json\/wp\/v2\/categories?post=20933"},{"taxonomy":"post_tag","embeddable":true,"href":"https:\/\/canaryo.net\/portal\/wp-json\/wp\/v2\/tags?post=20933"}],"curies":[{"name":"wp","href":"https:\/\/api.w.org\/{rel}","templated":true}]}}