{"id":20970,"date":"2020-09-22T17:38:11","date_gmt":"2020-09-22T17:38:11","guid":{"rendered":"https:\/\/canaryo.net\/portal\/?p=20970"},"modified":"2020-09-30T17:31:01","modified_gmt":"2020-09-30T17:31:01","slug":"waldbrand-auf-el-hierro","status":"publish","type":"post","link":"https:\/\/canaryo.net\/portal\/waldbrand-auf-el-hierro\/","title":{"rendered":"Waldbrand auf El Hierro"},"content":{"rendered":"\n<p>22.09.2020; Fuerteventura \u2013 Am Sonntagnachmittag wurde in El Pinar auf der Insel El Hierro ein Waldbrand ausgerufen. Die Ressourcen des Inselplans sowie die Einsatz- und Verst\u00e4rkungsteams f\u00fcr Waldbr\u00e4nde (EIRIF) und Hubschrauber der Soforthilfe- und Rettungsgruppe (GES) wurden in das Gebiet geschickt, um die Flammen unter Kontrolle zu bringen. Der W\u00e4chter des Areals von El Pinar warnte die Rettungskr\u00e4fte, da in der Gegend eine kleine Explosion zu h\u00f6ren war. Vorsichtshalber wurde die Vorbereitung eines Hubschraubers gefordert, aber schlie\u00dflich wurde das Feuer mit Erde erstickt.<\/p>\n\n\n\n<p>Bildquelle: Noticias Fuerteventura<\/p>\n\n\n\n<figure class=\"wp-block-gallery columns-0 is-cropped\"><ul class=\"blocks-gallery-grid\"><\/ul><\/figure>\n","protected":false},"excerpt":{"rendered":"<p>22.09.2020; Fuerteventura \u2013 Am Sonntagnachmittag wurde in El Pinar auf der Insel El Hierro ein Waldbrand ausgerufen. Die Ressourcen des Inselplans sowie die Einsatz- und Verst\u00e4rkungsteams f\u00fcr Waldbr\u00e4nde (EIRIF) und Hubschrauber der Soforthilfe- und Rettungsgruppe (GES) wurden in das Gebiet geschickt, um die Flammen unter Kontrolle zu bringen. Der W\u00e4chter des Areals von El Pinar [&hellip;]<\/p>\n","protected":false},"author":443,"featured_media":20964,"comment_status":"open","ping_status":"open","sticky":false,"template":"","format":"gallery","meta":[],"categories":[446,6,461],"tags":[731,14,3268,462],"_links":{"self":[{"href":"https:\/\/canaryo.net\/portal\/wp-json\/wp\/v2\/posts\/20970"}],"collection":[{"href":"https:\/\/canaryo.net\/portal\/wp-json\/wp\/v2\/posts"}],"about":[{"href":"https:\/\/canaryo.net\/portal\/wp-json\/wp\/v2\/types\/post"}],"author":[{"embeddable":true,"href":"https:\/\/canaryo.net\/portal\/wp-json\/wp\/v2\/users\/443"}],"replies":[{"embeddable":true,"href":"https:\/\/canaryo.net\/portal\/wp-json\/wp\/v2\/comments?post=20970"}],"version-history":[{"count":1,"href":"https:\/\/canaryo.net\/portal\/wp-json\/wp\/v2\/posts\/20970\/revisions"}],"predecessor-version":[{"id":20971,"href":"https:\/\/canaryo.net\/portal\/wp-json\/wp\/v2\/posts\/20970\/revisions\/20971"}],"wp:featuredmedia":[{"embeddable":true,"href":"https:\/\/canaryo.net\/portal\/wp-json\/wp\/v2\/media\/20964"}],"wp:attachment":[{"href":"https:\/\/canaryo.net\/portal\/wp-json\/wp\/v2\/media?parent=20970"}],"wp:term":[{"taxonomy":"category","embeddable":true,"href":"https:\/\/canaryo.net\/portal\/wp-json\/wp\/v2\/categories?post=20970"},{"taxonomy":"post_tag","embeddable":true,"href":"https:\/\/canaryo.net\/portal\/wp-json\/wp\/v2\/tags?post=20970"}],"curies":[{"name":"wp","href":"https:\/\/api.w.org\/{rel}","templated":true}]}}