{"id":21827,"date":"2020-11-15T19:28:49","date_gmt":"2020-11-15T19:28:49","guid":{"rendered":"https:\/\/canaryo.net\/portal\/?p=21827"},"modified":"2020-11-21T16:08:46","modified_gmt":"2020-11-21T16:08:46","slug":"hausbesetzer-auf-frischer-tat-ertappt","status":"publish","type":"post","link":"https:\/\/canaryo.net\/portal\/hausbesetzer-auf-frischer-tat-ertappt\/","title":{"rendered":"Hausbesetzer in Maspalomas auf frischer Tat ertappt"},"content":{"rendered":"\n<p>15.11.2020; Spanien \u2013 Beamte der Polic\u00eda Nacional haben in San Bartolom\u00e9 de Tirajana einen 21-j\u00e4hrigen Mann mit Vorstrafen als mutma\u00dflichen T\u00e4ter einer Hausbesetzung festgenommen. Mehrere Zeugen beobachteten, wie der Festgenommene das Schloss der T\u00fcr aufbrach, sodass sie sofort die Polizei alarmierten. Als die Polizei vor Ort eintraf, kontrollierte sie, ob der Mann tats\u00e4chlich das T\u00fcrschloss aufgebrochen hatte, und fand dabei auch mehreren Decken und Verpflegung. Sie erkannten in ihm auch die Person, die vor Tagen versuchte, ein anderes Anwesen in Pasito Blanco zu besetzen, sodass er schlie\u00dflich als mutma\u00dflicher Hausbesetzer verhaftet wurde. Bildquelle: Gran Canaria TV<\/p>\n\n\n\n<figure class=\"wp-block-gallery columns-0 is-cropped\"><ul class=\"blocks-gallery-grid\"><\/ul><\/figure>\n","protected":false},"excerpt":{"rendered":"<p>15.11.2020; Spanien \u2013 Beamte der Polic\u00eda Nacional haben in San Bartolom\u00e9 de Tirajana einen 21-j\u00e4hrigen Mann mit Vorstrafen als mutma\u00dflichen T\u00e4ter einer Hausbesetzung festgenommen. Mehrere Zeugen beobachteten, wie der Festgenommene das Schloss der T\u00fcr aufbrach, sodass sie sofort die Polizei alarmierten. Als die Polizei vor Ort eintraf, kontrollierte sie, ob der Mann tats\u00e4chlich das T\u00fcrschloss [&hellip;]<\/p>\n","protected":false},"author":443,"featured_media":21818,"comment_status":"open","ping_status":"open","sticky":false,"template":"","format":"gallery","meta":[],"categories":[440,494,6],"tags":[8,1679,1371,1346],"_links":{"self":[{"href":"https:\/\/canaryo.net\/portal\/wp-json\/wp\/v2\/posts\/21827"}],"collection":[{"href":"https:\/\/canaryo.net\/portal\/wp-json\/wp\/v2\/posts"}],"about":[{"href":"https:\/\/canaryo.net\/portal\/wp-json\/wp\/v2\/types\/post"}],"author":[{"embeddable":true,"href":"https:\/\/canaryo.net\/portal\/wp-json\/wp\/v2\/users\/443"}],"replies":[{"embeddable":true,"href":"https:\/\/canaryo.net\/portal\/wp-json\/wp\/v2\/comments?post=21827"}],"version-history":[{"count":2,"href":"https:\/\/canaryo.net\/portal\/wp-json\/wp\/v2\/posts\/21827\/revisions"}],"predecessor-version":[{"id":21829,"href":"https:\/\/canaryo.net\/portal\/wp-json\/wp\/v2\/posts\/21827\/revisions\/21829"}],"wp:featuredmedia":[{"embeddable":true,"href":"https:\/\/canaryo.net\/portal\/wp-json\/wp\/v2\/media\/21818"}],"wp:attachment":[{"href":"https:\/\/canaryo.net\/portal\/wp-json\/wp\/v2\/media?parent=21827"}],"wp:term":[{"taxonomy":"category","embeddable":true,"href":"https:\/\/canaryo.net\/portal\/wp-json\/wp\/v2\/categories?post=21827"},{"taxonomy":"post_tag","embeddable":true,"href":"https:\/\/canaryo.net\/portal\/wp-json\/wp\/v2\/tags?post=21827"}],"curies":[{"name":"wp","href":"https:\/\/api.w.org\/{rel}","templated":true}]}}