{"id":21834,"date":"2020-11-16T13:21:05","date_gmt":"2020-11-16T13:21:05","guid":{"rendered":"https:\/\/canaryo.net\/portal\/?p=21834"},"modified":"2020-11-21T16:08:51","modified_gmt":"2020-11-21T16:08:51","slug":"polizeigewalt-gegen-immigranten-endlich-vor-gericht","status":"publish","type":"post","link":"https:\/\/canaryo.net\/portal\/polizeigewalt-gegen-immigranten-endlich-vor-gericht\/","title":{"rendered":"Polizeigewalt gegen Ausl\u00e4nder nach neun Jahren endlich vor Gericht"},"content":{"rendered":"\n<p>16.11.2020; Gran Canaria \u2013 Im Jahr 2011 haben zwei Polizisten in ihrer Freizeit einen Immigranten in San Bartolom\u00e9 de Tirajana, grundlos und brutal zusammengeschlagen. Am 8. Januar 2011 wurde der senegalesische Stra\u00dfenverk\u00e4ufer Sene von den beiden Polizisten angegriffen, er konnte zuerst in ein Einkaufszentrum fl\u00fcchten, doch die beiden verfolgten ihn und schlugen ihn weiter zusammen. Anschlie\u00dfend brachten sie ihn zur Polizeistation des Zentrums und setzten Sene weiter zu. Letztendlich hatten sie ihn krankenhausreif geschlagen, sodass er mit mehrfachen Knochenbr\u00fcchen eingeliefert wurde und es hatte fast ein ganzes Jahr gedauert, bis er wieder vollst\u00e4ndig genesen war. Der Senegalese zeigte die beiden an, doch bis heute sind die Gerichte mit dem Fall besch\u00e4ftigt. Im Jahr 2013 tauchte das \u00dcberwachungsvideo des Einkaufszentrums auf, auf dem der Tathergang eindeutig zu sehen ist. Des Weiteren gibt es genug Zeugenaussagen, die das ebenfalls best\u00e4tigen. Der Staatsanwalt forderte jetzt in seinem Schlusspl\u00e4doyer 7,5 Jahre Gef\u00e4ngnisstrafe, 10 Jahre Berufsverbot und 23.682,55 Euro Schmerzensgeld f\u00fcr beide T\u00e4ter.<\/p>\n\n\n\n<p>Bildquelle: Canarias 7<\/p>\n\n\n\n<figure class=\"wp-block-gallery columns-0 is-cropped\"><ul class=\"blocks-gallery-grid\"><\/ul><\/figure>\n","protected":false},"excerpt":{"rendered":"<p>16.11.2020; Gran Canaria \u2013 Im Jahr 2011 haben zwei Polizisten in ihrer Freizeit einen Immigranten in San Bartolom\u00e9 de Tirajana, grundlos und brutal zusammengeschlagen. Am 8. Januar 2011 wurde der senegalesische Stra\u00dfenverk\u00e4ufer Sene von den beiden Polizisten angegriffen, er konnte zuerst in ein Einkaufszentrum fl\u00fcchten, doch die beiden verfolgten ihn und schlugen ihn weiter zusammen. [&hellip;]<\/p>\n","protected":false},"author":443,"featured_media":21837,"comment_status":"open","ping_status":"open","sticky":false,"template":"","format":"gallery","meta":[],"categories":[440,494,6],"tags":[8,5011,1371,7746,7747],"_links":{"self":[{"href":"https:\/\/canaryo.net\/portal\/wp-json\/wp\/v2\/posts\/21834"}],"collection":[{"href":"https:\/\/canaryo.net\/portal\/wp-json\/wp\/v2\/posts"}],"about":[{"href":"https:\/\/canaryo.net\/portal\/wp-json\/wp\/v2\/types\/post"}],"author":[{"embeddable":true,"href":"https:\/\/canaryo.net\/portal\/wp-json\/wp\/v2\/users\/443"}],"replies":[{"embeddable":true,"href":"https:\/\/canaryo.net\/portal\/wp-json\/wp\/v2\/comments?post=21834"}],"version-history":[{"count":2,"href":"https:\/\/canaryo.net\/portal\/wp-json\/wp\/v2\/posts\/21834\/revisions"}],"predecessor-version":[{"id":21850,"href":"https:\/\/canaryo.net\/portal\/wp-json\/wp\/v2\/posts\/21834\/revisions\/21850"}],"wp:featuredmedia":[{"embeddable":true,"href":"https:\/\/canaryo.net\/portal\/wp-json\/wp\/v2\/media\/21837"}],"wp:attachment":[{"href":"https:\/\/canaryo.net\/portal\/wp-json\/wp\/v2\/media?parent=21834"}],"wp:term":[{"taxonomy":"category","embeddable":true,"href":"https:\/\/canaryo.net\/portal\/wp-json\/wp\/v2\/categories?post=21834"},{"taxonomy":"post_tag","embeddable":true,"href":"https:\/\/canaryo.net\/portal\/wp-json\/wp\/v2\/tags?post=21834"}],"curies":[{"name":"wp","href":"https:\/\/api.w.org\/{rel}","templated":true}]}}