{"id":22182,"date":"2020-12-03T10:36:43","date_gmt":"2020-12-03T10:36:43","guid":{"rendered":"https:\/\/canaryo.net\/portal\/?p=22182"},"modified":"2020-12-12T13:17:24","modified_gmt":"2020-12-12T13:17:24","slug":"mehr-als-300-immigranten-sind-in-das-hotel-rey-carlos-am-playa-de-ingles-eingezogen","status":"publish","type":"post","link":"https:\/\/canaryo.net\/portal\/mehr-als-300-immigranten-sind-in-das-hotel-rey-carlos-am-playa-de-ingles-eingezogen\/","title":{"rendered":"\u00dcber 300 illegale Fluchtwillige ins Hotel Rey Carlos in Playa de Ingl\u00e9s einquartiert"},"content":{"rendered":"\n<p>03.12.2020; Gran Canaria \u2013 Eine Gruppe von mehr als 300 Menschen ist am Mittwoch in das vier Sterne Hotel Rey Carlos eingezogen, nachdem sie 72 Stunden im Barranco Seco verbracht haben. Diese Gruppe war eine der Ersten, die den Hafen von Arguineguin verlassen haben, um die 72 Stunden in der Erstaufnahme zu verbringen. Die Vorbereitungen f\u00fcr die Ankunft wurden versteckt abgewickelt und auch die Passanten sollten nichts mitbekommen. Das Geb\u00e4ude geh\u00f6rt einer Eigent\u00fcmergemeinschaft, wovon eine kleine Minderheit Deutsche sind, die in ihren Apartments wohnen. Diese werden jetzt Sicherheitsma\u00dfnahmen ergreifen, da sie die Situation als schwierig empfinden. Das Ministerium f\u00fcr Immigration m\u00f6chte damit die Kapazit\u00e4ten vom Barranco Seco f\u00fcr die Erstaufnahme erhalten. Der Ministerrat hat bereits am Dienstag vereinbart, 40 Mio. EUR aus dem Notfallfonds bereitzustellen, um den Anstieg der Migrantenank\u00fcnfte auf den Kanarischen Inseln zu bew\u00e4ltigen.<\/p>\n\n\n\n<p>Bildquelle: Maspalomas Ahora<\/p>\n\n\n\n<figure class=\"wp-block-gallery columns-0 is-cropped\"><ul class=\"blocks-gallery-grid\"><\/ul><\/figure>\n","protected":false},"excerpt":{"rendered":"<p>03.12.2020; Gran Canaria \u2013 Eine Gruppe von mehr als 300 Menschen ist am Mittwoch in das vier Sterne Hotel Rey Carlos eingezogen, nachdem sie 72 Stunden im Barranco Seco verbracht haben. Diese Gruppe war eine der Ersten, die den Hafen von Arguineguin verlassen haben, um die 72 Stunden in der Erstaufnahme zu verbringen. Die Vorbereitungen [&hellip;]<\/p>\n","protected":false},"author":443,"featured_media":22185,"comment_status":"open","ping_status":"open","sticky":false,"template":"","format":"gallery","meta":[],"categories":[1658,440,6,573],"tags":[8,7804,4585,959],"_links":{"self":[{"href":"https:\/\/canaryo.net\/portal\/wp-json\/wp\/v2\/posts\/22182"}],"collection":[{"href":"https:\/\/canaryo.net\/portal\/wp-json\/wp\/v2\/posts"}],"about":[{"href":"https:\/\/canaryo.net\/portal\/wp-json\/wp\/v2\/types\/post"}],"author":[{"embeddable":true,"href":"https:\/\/canaryo.net\/portal\/wp-json\/wp\/v2\/users\/443"}],"replies":[{"embeddable":true,"href":"https:\/\/canaryo.net\/portal\/wp-json\/wp\/v2\/comments?post=22182"}],"version-history":[{"count":2,"href":"https:\/\/canaryo.net\/portal\/wp-json\/wp\/v2\/posts\/22182\/revisions"}],"predecessor-version":[{"id":22199,"href":"https:\/\/canaryo.net\/portal\/wp-json\/wp\/v2\/posts\/22182\/revisions\/22199"}],"wp:featuredmedia":[{"embeddable":true,"href":"https:\/\/canaryo.net\/portal\/wp-json\/wp\/v2\/media\/22185"}],"wp:attachment":[{"href":"https:\/\/canaryo.net\/portal\/wp-json\/wp\/v2\/media?parent=22182"}],"wp:term":[{"taxonomy":"category","embeddable":true,"href":"https:\/\/canaryo.net\/portal\/wp-json\/wp\/v2\/categories?post=22182"},{"taxonomy":"post_tag","embeddable":true,"href":"https:\/\/canaryo.net\/portal\/wp-json\/wp\/v2\/tags?post=22182"}],"curies":[{"name":"wp","href":"https:\/\/api.w.org\/{rel}","templated":true}]}}