{"id":22366,"date":"2020-12-19T09:13:36","date_gmt":"2020-12-19T09:13:36","guid":{"rendered":"https:\/\/canaryo.net\/portal\/?p=22366"},"modified":"2020-12-29T18:19:12","modified_gmt":"2020-12-29T18:19:12","slug":"mann-auf-gran-canaria-verschwunden","status":"publish","type":"post","link":"https:\/\/canaryo.net\/portal\/mann-auf-gran-canaria-verschwunden\/","title":{"rendered":"Mann auf Gran Canaria verschwunden"},"content":{"rendered":"\n<p>19.12.2020; Gran Canaria \u2013 Der 39-j\u00e4hrige Sebastian Santana ist seit Donnerstag verschwunden und die NGO G.I.O.R.S. Canarias hat eine Vermisstenmeldung herausgegeben. Zuletzt wurde er im Hafen von Las Palmas gesehen und ein paar Stunden sp\u00e4ter war er noch in seinem Haus in Los Picachos in Telde. Der 39-J\u00e4hrige ist 1,80 gro\u00df, hat graue Haare und tr\u00e4gt einen grauen Nike-Trainingsanzug und ein marinefarbenes T-Shirt und ben\u00f6tigt Medikamente.<\/p>\n\n\n\n<p>Bildquelle: La Provincia<\/p>\n\n\n\n<figure class=\"wp-block-gallery columns-0 is-cropped\"><ul class=\"blocks-gallery-grid\"><\/ul><\/figure>\n","protected":false},"excerpt":{"rendered":"<p>19.12.2020; Gran Canaria \u2013 Der 39-j\u00e4hrige Sebastian Santana ist seit Donnerstag verschwunden und die NGO G.I.O.R.S. Canarias hat eine Vermisstenmeldung herausgegeben. Zuletzt wurde er im Hafen von Las Palmas gesehen und ein paar Stunden sp\u00e4ter war er noch in seinem Haus in Los Picachos in Telde. Der 39-J\u00e4hrige ist 1,80 gro\u00df, hat graue Haare und [&hellip;]<\/p>\n","protected":false},"author":443,"featured_media":22367,"comment_status":"open","ping_status":"open","sticky":false,"template":"","format":"gallery","meta":[],"categories":[1658,440,6],"tags":[8,1054,7846,647,7845],"_links":{"self":[{"href":"https:\/\/canaryo.net\/portal\/wp-json\/wp\/v2\/posts\/22366"}],"collection":[{"href":"https:\/\/canaryo.net\/portal\/wp-json\/wp\/v2\/posts"}],"about":[{"href":"https:\/\/canaryo.net\/portal\/wp-json\/wp\/v2\/types\/post"}],"author":[{"embeddable":true,"href":"https:\/\/canaryo.net\/portal\/wp-json\/wp\/v2\/users\/443"}],"replies":[{"embeddable":true,"href":"https:\/\/canaryo.net\/portal\/wp-json\/wp\/v2\/comments?post=22366"}],"version-history":[{"count":2,"href":"https:\/\/canaryo.net\/portal\/wp-json\/wp\/v2\/posts\/22366\/revisions"}],"predecessor-version":[{"id":22370,"href":"https:\/\/canaryo.net\/portal\/wp-json\/wp\/v2\/posts\/22366\/revisions\/22370"}],"wp:featuredmedia":[{"embeddable":true,"href":"https:\/\/canaryo.net\/portal\/wp-json\/wp\/v2\/media\/22367"}],"wp:attachment":[{"href":"https:\/\/canaryo.net\/portal\/wp-json\/wp\/v2\/media?parent=22366"}],"wp:term":[{"taxonomy":"category","embeddable":true,"href":"https:\/\/canaryo.net\/portal\/wp-json\/wp\/v2\/categories?post=22366"},{"taxonomy":"post_tag","embeddable":true,"href":"https:\/\/canaryo.net\/portal\/wp-json\/wp\/v2\/tags?post=22366"}],"curies":[{"name":"wp","href":"https:\/\/api.w.org\/{rel}","templated":true}]}}