{"id":22655,"date":"2021-01-13T14:33:29","date_gmt":"2021-01-13T14:33:29","guid":{"rendered":"https:\/\/canaryo.net\/portal\/?p=22655"},"modified":"2021-01-19T21:16:49","modified_gmt":"2021-01-19T21:16:49","slug":"zufahrtsstrassen-zum-teide-wegen-schnee-und-glaette-wieder-gesperrt","status":"publish","type":"post","link":"https:\/\/canaryo.net\/portal\/zufahrtsstrassen-zum-teide-wegen-schnee-und-glaette-wieder-gesperrt\/","title":{"rendered":"Zufahrtsstra\u00dfen zum Teide wegen Schnee und Gl\u00e4tte wieder gesperrt"},"content":{"rendered":"\n<p>13.01.2021; Teneriffa \u2013 Die Auffahrt zum Teide war seit Freitag wegen starkem Schneefall geschlossen, der durch das Sturmtief Filomena verursacht wurde. Nachdem der Inselrat von Teneriffa am Montag die \u00d6ffnung der Zug\u00e4nge zum Teide-Nationalpark bekannt gegeben hatte, nachdem die Fahrbahnen ger\u00e4umt sind, teilt die Inselinstitution gestern \u00fcber ihren offiziellen Twitter-Account mit, dass sie die Stra\u00dfen wieder wegen Eisplatten auf der Stra\u00dfe schlie\u00dft. Weiterhin betont die Regierung aber, wegen des Coronavirus Menschenansammlungen zu vermeiden und es daher empfohlen wird, die Mobilit\u00e4t einzuschr\u00e4nken. <\/p>\n\n\n\n<p>Bildquelle: El D\u00eda<\/p>\n\n\n\n<figure class=\"wp-block-gallery columns-0 is-cropped\"><ul class=\"blocks-gallery-grid\"><\/ul><\/figure>\n","protected":false},"excerpt":{"rendered":"<p>13.01.2021; Teneriffa \u2013 Die Auffahrt zum Teide war seit Freitag wegen starkem Schneefall geschlossen, der durch das Sturmtief Filomena verursacht wurde. Nachdem der Inselrat von Teneriffa am Montag die \u00d6ffnung der Zug\u00e4nge zum Teide-Nationalpark bekannt gegeben hatte, nachdem die Fahrbahnen ger\u00e4umt sind, teilt die Inselinstitution gestern \u00fcber ihren offiziellen Twitter-Account mit, dass sie die Stra\u00dfen [&hellip;]<\/p>\n","protected":false},"author":443,"featured_media":22656,"comment_status":"open","ping_status":"open","sticky":false,"template":"","format":"gallery","meta":[],"categories":[6,452,441,458],"tags":[1291,771,986,9,5698],"_links":{"self":[{"href":"https:\/\/canaryo.net\/portal\/wp-json\/wp\/v2\/posts\/22655"}],"collection":[{"href":"https:\/\/canaryo.net\/portal\/wp-json\/wp\/v2\/posts"}],"about":[{"href":"https:\/\/canaryo.net\/portal\/wp-json\/wp\/v2\/types\/post"}],"author":[{"embeddable":true,"href":"https:\/\/canaryo.net\/portal\/wp-json\/wp\/v2\/users\/443"}],"replies":[{"embeddable":true,"href":"https:\/\/canaryo.net\/portal\/wp-json\/wp\/v2\/comments?post=22655"}],"version-history":[{"count":1,"href":"https:\/\/canaryo.net\/portal\/wp-json\/wp\/v2\/posts\/22655\/revisions"}],"predecessor-version":[{"id":22657,"href":"https:\/\/canaryo.net\/portal\/wp-json\/wp\/v2\/posts\/22655\/revisions\/22657"}],"wp:featuredmedia":[{"embeddable":true,"href":"https:\/\/canaryo.net\/portal\/wp-json\/wp\/v2\/media\/22656"}],"wp:attachment":[{"href":"https:\/\/canaryo.net\/portal\/wp-json\/wp\/v2\/media?parent=22655"}],"wp:term":[{"taxonomy":"category","embeddable":true,"href":"https:\/\/canaryo.net\/portal\/wp-json\/wp\/v2\/categories?post=22655"},{"taxonomy":"post_tag","embeddable":true,"href":"https:\/\/canaryo.net\/portal\/wp-json\/wp\/v2\/tags?post=22655"}],"curies":[{"name":"wp","href":"https:\/\/api.w.org\/{rel}","templated":true}]}}